{"id":107,"date":"2026-02-28T14:50:07","date_gmt":"2026-02-28T17:50:07","guid":{"rendered":"https:\/\/entecultura.com.ar\/abanderados\/?p=107"},"modified":"2026-02-28T14:50:07","modified_gmt":"2026-02-28T17:50:07","slug":"beravebu","status":"publish","type":"post","link":"https:\/\/entecultura.com.ar\/abanderados\/2026\/02\/28\/beravebu\/","title":{"rendered":"BERAVEB\u00da"},"content":{"rendered":"\n<p>Verde simboliza los campos y su producci\u00f3n, el rojo, el duraznillo que dio origen al nombre de la localidad, celeste el cielo, gris las v\u00edas del tren como fundadora de la localidad y la energ\u00eda que irradia el sol.<\/p>\n","protected":false},"excerpt":{"rendered":"<p>Verde simboliza los campos y su producci\u00f3n, el rojo, el duraznillo que dio origen al nombre de la localidad, celeste el cielo, gris las v\u00edas del tren como fundadora de la localidad y la energ\u00eda que irradia el sol.<\/p>\n","protected":false},"author":1,"featured_media":108,"comment_status":"open","ping_status":"open","sticky":false,"template":"","format":"standard","meta":{"footnotes":""},"categories":[1],"tags":[],"class_list":["post-107","post","type-post","status-publish","format-standard","has-post-thumbnail","hentry","category-bandera"],"_links":{"self":[{"href":"https:\/\/entecultura.com.ar\/abanderados\/wp-json\/wp\/v2\/posts\/107","targetHints":{"allow":["GET"]}}],"collection":[{"href":"https:\/\/entecultura.com.ar\/abanderados\/wp-json\/wp\/v2\/posts"}],"about":[{"href":"https:\/\/entecultura.com.ar\/abanderados\/wp-json\/wp\/v2\/types\/post"}],"author":[{"embeddable":true,"href":"https:\/\/entecultura.com.ar\/abanderados\/wp-json\/wp\/v2\/users\/1"}],"replies":[{"embeddable":true,"href":"https:\/\/entecultura.com.ar\/abanderados\/wp-json\/wp\/v2\/comments?post=107"}],"version-history":[{"count":1,"href":"https:\/\/entecultura.com.ar\/abanderados\/wp-json\/wp\/v2\/posts\/107\/revisions"}],"predecessor-version":[{"id":109,"href":"https:\/\/entecultura.com.ar\/abanderados\/wp-json\/wp\/v2\/posts\/107\/revisions\/109"}],"wp:featuredmedia":[{"embeddable":true,"href":"https:\/\/entecultura.com.ar\/abanderados\/wp-json\/wp\/v2\/media\/108"}],"wp:attachment":[{"href":"https:\/\/entecultura.com.ar\/abanderados\/wp-json\/wp\/v2\/media?parent=107"}],"wp:term":[{"taxonomy":"category","embeddable":true,"href":"https:\/\/entecultura.com.ar\/abanderados\/wp-json\/wp\/v2\/categories?post=107"},{"taxonomy":"post_tag","embeddable":true,"href":"https:\/\/entecultura.com.ar\/abanderados\/wp-json\/wp\/v2\/tags?post=107"}],"curies":[{"name":"wp","href":"https:\/\/api.w.org\/{rel}","templated":true}]}}