{"id":118,"date":"2026-03-09T11:07:55","date_gmt":"2026-03-09T14:07:55","guid":{"rendered":"https:\/\/entecultura.com.ar\/abanderados\/?p=118"},"modified":"2026-03-09T11:07:55","modified_gmt":"2026-03-09T14:07:55","slug":"suardi","status":"publish","type":"post","link":"https:\/\/entecultura.com.ar\/abanderados\/2026\/03\/09\/suardi\/","title":{"rendered":"SUARDI"},"content":{"rendered":"\n<p>En la parte superior azul-cer\u00faleo. Expresa la integraci\u00f3n y la comunicaci\u00f3n que destaca a esta comunidad. Su franja inferior verde simboliza el campo que otorga esperanza y fertilidad. En el centro: panoja y silueta vacuna, emblema del sorgo y la industria l\u00e1ctea potenciada con la actual fiesta provincial del sorgo y las industrias l\u00e1cteas; el sol s\u00edmbolo de la energ\u00eda renovadora de cada d\u00eda. Las tres estrellas simbolizan las tres colonias con el color del sol porque impulsan con energ\u00eda la actualidad socioecon\u00f3mica y cultural de Suardi.<\/p>\n","protected":false},"excerpt":{"rendered":"<p>En la parte superior azul-cer\u00faleo. Expresa la integraci\u00f3n y la comunicaci\u00f3n que destaca a esta comunidad. Su franja inferior verde simboliza el campo que otorga esperanza y fertilidad. En el centro: panoja y silueta vacuna, emblema del sorgo y la&#8230;<\/p>\n","protected":false},"author":1,"featured_media":12,"comment_status":"open","ping_status":"open","sticky":false,"template":"","format":"standard","meta":{"footnotes":""},"categories":[1],"tags":[],"class_list":["post-118","post","type-post","status-publish","format-standard","has-post-thumbnail","hentry","category-bandera"],"_links":{"self":[{"href":"https:\/\/entecultura.com.ar\/abanderados\/wp-json\/wp\/v2\/posts\/118","targetHints":{"allow":["GET"]}}],"collection":[{"href":"https:\/\/entecultura.com.ar\/abanderados\/wp-json\/wp\/v2\/posts"}],"about":[{"href":"https:\/\/entecultura.com.ar\/abanderados\/wp-json\/wp\/v2\/types\/post"}],"author":[{"embeddable":true,"href":"https:\/\/entecultura.com.ar\/abanderados\/wp-json\/wp\/v2\/users\/1"}],"replies":[{"embeddable":true,"href":"https:\/\/entecultura.com.ar\/abanderados\/wp-json\/wp\/v2\/comments?post=118"}],"version-history":[{"count":1,"href":"https:\/\/entecultura.com.ar\/abanderados\/wp-json\/wp\/v2\/posts\/118\/revisions"}],"predecessor-version":[{"id":119,"href":"https:\/\/entecultura.com.ar\/abanderados\/wp-json\/wp\/v2\/posts\/118\/revisions\/119"}],"wp:featuredmedia":[{"embeddable":true,"href":"https:\/\/entecultura.com.ar\/abanderados\/wp-json\/wp\/v2\/media\/12"}],"wp:attachment":[{"href":"https:\/\/entecultura.com.ar\/abanderados\/wp-json\/wp\/v2\/media?parent=118"}],"wp:term":[{"taxonomy":"category","embeddable":true,"href":"https:\/\/entecultura.com.ar\/abanderados\/wp-json\/wp\/v2\/categories?post=118"},{"taxonomy":"post_tag","embeddable":true,"href":"https:\/\/entecultura.com.ar\/abanderados\/wp-json\/wp\/v2\/tags?post=118"}],"curies":[{"name":"wp","href":"https:\/\/api.w.org\/{rel}","templated":true}]}}