{"id":130,"date":"2026-03-09T11:15:04","date_gmt":"2026-03-09T14:15:04","guid":{"rendered":"https:\/\/entecultura.com.ar\/abanderados\/?p=130"},"modified":"2026-03-09T11:15:04","modified_gmt":"2026-03-09T14:15:04","slug":"hersilia","status":"publish","type":"post","link":"https:\/\/entecultura.com.ar\/abanderados\/2026\/03\/09\/hersilia\/","title":{"rendered":"HERSILIA"},"content":{"rendered":"\n<p>Base gris, historia a la vera del FFCC y la industria, l\u00edneas blancas trazado urbano en diagonales, verde actividad rural, el magenta por los lapachos que abundan aqu\u00ed y una figuraci\u00f3n de sus copas, el reloj p\u00fablico es un \u00edcono muy valorado.<\/p>\n\n\n\n<p>Pensar en el s\u00edmbolo que nos represente como hersilienses, en este caso la BANDERA, pone en alerta todos los sentidos para detectar lo que nos puede identificar como distrito, como comunidad, como habitantes. Nos hace pensar en la historia, en la actualidad con sus puntos fuertes y en sus oportunidades de cada ma\u00f1ana, que hacen al futuro.<\/p>\n\n\n\n<p>La base gris nos vincula a la historia: el origen del poblado surgiendo a la vera del ferrocarril y tambi\u00e9n a la trayectoria de la industria metal\u00fargica que permanece generando trabajo a muchas familias, y con la aspiraci\u00f3n a que se multipliquen las fuentes laborales. Las l\u00edneas blancas sobre el gris evocan el trazado urbano con presencia de diagonales, impronta particular de este pueblo. El color verde y en el centro, nos habla de la actividad rural, copart\u00edcipe de la vida misma de muchos habitantes que contribuyen a la econom\u00eda regional desde esa \u00e1rea.<\/p>\n\n\n\n<p>Nuestro pueblo es reconocido como uno de los mejores arbolados de la zona, con frondosos ejemplares que se manifiestan en cada primavera. Tomamos el lapacho como especie t\u00edpica, el color magenta de sus flores se traslada a la parte superior de la bandera, (en una abstracci\u00f3n de las copas de esos \u00e1rboles) sumado a que la fuerza del color y la curva abierta hacia arriba, acompa\u00f1ada por la l\u00ednea blanca, representa el dinamismo de su gente que busca avanzar en valores, cultura y proyectos.<\/p>\n\n\n\n<p>Para todo hersiliense el reloj p\u00fablico es un \u00edcono reconocido y valorado, ocupando -su silueta- el lugar central y lo atraviesan los tres colores elegidos para el fondo.<\/p>\n","protected":false},"excerpt":{"rendered":"<p>Base gris, historia a la vera del FFCC y la industria, l\u00edneas blancas trazado urbano en diagonales, verde actividad rural, el magenta por los lapachos que abundan aqu\u00ed y una figuraci\u00f3n de sus copas, el reloj p\u00fablico es un \u00edcono&#8230;<\/p>\n","protected":false},"author":1,"featured_media":10,"comment_status":"open","ping_status":"open","sticky":false,"template":"","format":"standard","meta":{"footnotes":""},"categories":[1],"tags":[],"class_list":["post-130","post","type-post","status-publish","format-standard","has-post-thumbnail","hentry","category-bandera"],"_links":{"self":[{"href":"https:\/\/entecultura.com.ar\/abanderados\/wp-json\/wp\/v2\/posts\/130","targetHints":{"allow":["GET"]}}],"collection":[{"href":"https:\/\/entecultura.com.ar\/abanderados\/wp-json\/wp\/v2\/posts"}],"about":[{"href":"https:\/\/entecultura.com.ar\/abanderados\/wp-json\/wp\/v2\/types\/post"}],"author":[{"embeddable":true,"href":"https:\/\/entecultura.com.ar\/abanderados\/wp-json\/wp\/v2\/users\/1"}],"replies":[{"embeddable":true,"href":"https:\/\/entecultura.com.ar\/abanderados\/wp-json\/wp\/v2\/comments?post=130"}],"version-history":[{"count":1,"href":"https:\/\/entecultura.com.ar\/abanderados\/wp-json\/wp\/v2\/posts\/130\/revisions"}],"predecessor-version":[{"id":131,"href":"https:\/\/entecultura.com.ar\/abanderados\/wp-json\/wp\/v2\/posts\/130\/revisions\/131"}],"wp:featuredmedia":[{"embeddable":true,"href":"https:\/\/entecultura.com.ar\/abanderados\/wp-json\/wp\/v2\/media\/10"}],"wp:attachment":[{"href":"https:\/\/entecultura.com.ar\/abanderados\/wp-json\/wp\/v2\/media?parent=130"}],"wp:term":[{"taxonomy":"category","embeddable":true,"href":"https:\/\/entecultura.com.ar\/abanderados\/wp-json\/wp\/v2\/categories?post=130"},{"taxonomy":"post_tag","embeddable":true,"href":"https:\/\/entecultura.com.ar\/abanderados\/wp-json\/wp\/v2\/tags?post=130"}],"curies":[{"name":"wp","href":"https:\/\/api.w.org\/{rel}","templated":true}]}}