{"id":149,"date":"2026-03-09T12:00:20","date_gmt":"2026-03-09T15:00:20","guid":{"rendered":"https:\/\/entecultura.com.ar\/abanderados\/?p=149"},"modified":"2026-03-09T12:00:20","modified_gmt":"2026-03-09T15:00:20","slug":"inriville-cordoba","status":"publish","type":"post","link":"https:\/\/entecultura.com.ar\/abanderados\/2026\/03\/09\/inriville-cordoba\/","title":{"rendered":"INRIVILLE \/ C\u00d3RDOBA"},"content":{"rendered":"\n<p>La bandera fue enarbolada por primera vez en el predio del ferrocarril durante el nonag\u00e9simo aniversario de la fundaci\u00f3n del pueblo, el 21 de Mayo del 2000. El 20 de Junio de 2005 el Intendente Municipal Sr. H\u00e9ctor Lattanzi jur\u00f3 lealtad ante la ense\u00f1a local. Consta de Surco junto a la espiga: fecundidad de esta tierra y el fruto que nuestro pueblo obtiene con su trabajo y esfuerzo. Rueda dentada: refleja la idiosincrasia creadora y productiva de nuestro pueblo. Iglesia: es el esp\u00edritu cristiano y la tutela moralizadora del pueblo.<\/p>\n","protected":false},"excerpt":{"rendered":"<p>La bandera fue enarbolada por primera vez en el predio del ferrocarril durante el nonag\u00e9simo aniversario de la fundaci\u00f3n del pueblo, el 21 de Mayo del 2000. El 20 de Junio de 2005 el Intendente Municipal Sr. H\u00e9ctor Lattanzi jur\u00f3&#8230;<\/p>\n","protected":false},"author":1,"featured_media":56,"comment_status":"open","ping_status":"open","sticky":false,"template":"","format":"standard","meta":{"footnotes":""},"categories":[1],"tags":[],"class_list":["post-149","post","type-post","status-publish","format-standard","has-post-thumbnail","hentry","category-bandera"],"_links":{"self":[{"href":"https:\/\/entecultura.com.ar\/abanderados\/wp-json\/wp\/v2\/posts\/149","targetHints":{"allow":["GET"]}}],"collection":[{"href":"https:\/\/entecultura.com.ar\/abanderados\/wp-json\/wp\/v2\/posts"}],"about":[{"href":"https:\/\/entecultura.com.ar\/abanderados\/wp-json\/wp\/v2\/types\/post"}],"author":[{"embeddable":true,"href":"https:\/\/entecultura.com.ar\/abanderados\/wp-json\/wp\/v2\/users\/1"}],"replies":[{"embeddable":true,"href":"https:\/\/entecultura.com.ar\/abanderados\/wp-json\/wp\/v2\/comments?post=149"}],"version-history":[{"count":1,"href":"https:\/\/entecultura.com.ar\/abanderados\/wp-json\/wp\/v2\/posts\/149\/revisions"}],"predecessor-version":[{"id":150,"href":"https:\/\/entecultura.com.ar\/abanderados\/wp-json\/wp\/v2\/posts\/149\/revisions\/150"}],"wp:featuredmedia":[{"embeddable":true,"href":"https:\/\/entecultura.com.ar\/abanderados\/wp-json\/wp\/v2\/media\/56"}],"wp:attachment":[{"href":"https:\/\/entecultura.com.ar\/abanderados\/wp-json\/wp\/v2\/media?parent=149"}],"wp:term":[{"taxonomy":"category","embeddable":true,"href":"https:\/\/entecultura.com.ar\/abanderados\/wp-json\/wp\/v2\/categories?post=149"},{"taxonomy":"post_tag","embeddable":true,"href":"https:\/\/entecultura.com.ar\/abanderados\/wp-json\/wp\/v2\/tags?post=149"}],"curies":[{"name":"wp","href":"https:\/\/api.w.org\/{rel}","templated":true}]}}