{"id":157,"date":"2026-03-09T12:07:07","date_gmt":"2026-03-09T15:07:07","guid":{"rendered":"https:\/\/entecultura.com.ar\/abanderados\/?p=157"},"modified":"2026-03-09T12:07:07","modified_gmt":"2026-03-09T15:07:07","slug":"carmen","status":"publish","type":"post","link":"https:\/\/entecultura.com.ar\/abanderados\/2026\/03\/09\/carmen\/","title":{"rendered":"CARMEN"},"content":{"rendered":"\n<p>Departamento General L\u00f3pez.<\/p>\n\n\n\n<p>Fue creada en el a\u00f1o 2005 a trav\u00e9s de un concurso abierto y popular, alumno ganador, (Ezequiel Quiroga).<\/p>\n\n\n\n<p>La bandera en el pa\u00f1o superior simboliza al cielo.<\/p>\n\n\n\n<p>En el pa\u00f1o inferior (color amarillo) representa al trigo, y a nuestro campo, adem\u00e1s del color, una mano sostiene una espiga.<\/p>\n\n\n\n<p>La letra &#8220;C&#8221; plasma el nombre de nuestro pueblo &#8220;Carmen&#8221;.<\/p>\n\n\n\n<p>Se destaca la imagen de una f\u00e1brica y una aguja por sobre la misma, s\u00edmbolo de la industria textil y metal\u00fargica existente en la localidad<\/p>\n","protected":false},"excerpt":{"rendered":"<p>Departamento General L\u00f3pez. Fue creada en el a\u00f1o 2005 a trav\u00e9s de un concurso abierto y popular, alumno ganador, (Ezequiel Quiroga). La bandera en el pa\u00f1o superior simboliza al cielo. En el pa\u00f1o inferior (color amarillo) representa al trigo, y&#8230;<\/p>\n","protected":false},"author":1,"featured_media":158,"comment_status":"open","ping_status":"open","sticky":false,"template":"","format":"standard","meta":{"footnotes":""},"categories":[1],"tags":[],"class_list":["post-157","post","type-post","status-publish","format-standard","has-post-thumbnail","hentry","category-bandera"],"_links":{"self":[{"href":"https:\/\/entecultura.com.ar\/abanderados\/wp-json\/wp\/v2\/posts\/157","targetHints":{"allow":["GET"]}}],"collection":[{"href":"https:\/\/entecultura.com.ar\/abanderados\/wp-json\/wp\/v2\/posts"}],"about":[{"href":"https:\/\/entecultura.com.ar\/abanderados\/wp-json\/wp\/v2\/types\/post"}],"author":[{"embeddable":true,"href":"https:\/\/entecultura.com.ar\/abanderados\/wp-json\/wp\/v2\/users\/1"}],"replies":[{"embeddable":true,"href":"https:\/\/entecultura.com.ar\/abanderados\/wp-json\/wp\/v2\/comments?post=157"}],"version-history":[{"count":1,"href":"https:\/\/entecultura.com.ar\/abanderados\/wp-json\/wp\/v2\/posts\/157\/revisions"}],"predecessor-version":[{"id":159,"href":"https:\/\/entecultura.com.ar\/abanderados\/wp-json\/wp\/v2\/posts\/157\/revisions\/159"}],"wp:featuredmedia":[{"embeddable":true,"href":"https:\/\/entecultura.com.ar\/abanderados\/wp-json\/wp\/v2\/media\/158"}],"wp:attachment":[{"href":"https:\/\/entecultura.com.ar\/abanderados\/wp-json\/wp\/v2\/media?parent=157"}],"wp:term":[{"taxonomy":"category","embeddable":true,"href":"https:\/\/entecultura.com.ar\/abanderados\/wp-json\/wp\/v2\/categories?post=157"},{"taxonomy":"post_tag","embeddable":true,"href":"https:\/\/entecultura.com.ar\/abanderados\/wp-json\/wp\/v2\/tags?post=157"}],"curies":[{"name":"wp","href":"https:\/\/api.w.org\/{rel}","templated":true}]}}