{"id":169,"date":"2026-04-25T04:46:38","date_gmt":"2026-04-25T07:46:38","guid":{"rendered":"https:\/\/entecultura.com.ar\/abanderados\/?p=169"},"modified":"2026-04-25T04:46:38","modified_gmt":"2026-04-25T07:46:38","slug":"melincue","status":"publish","type":"post","link":"https:\/\/entecultura.com.ar\/abanderados\/2026\/04\/25\/melincue\/","title":{"rendered":"MELINCU\u00c9"},"content":{"rendered":"\n<p>En diciembre de 2006 se dio a conocer el resultado del concurso \u201cUna Bandera para mi pueblo\u201d.<\/p>\n\n\n\n<p>El primer premio lo obtuvo la Sra. Graciela Anal\u00eda Boglietti; la fundamentaci\u00f3n de la bandera es la siguiente, el \u00e1rea rosa y negra significa el ala de un flamenco, la celeste y azul la laguna, la blanca el mangrullo.<\/p>\n\n\n\n<p>Estos elementos representan genuinamente los or\u00edgenes e identidad geogr\u00e1fica e idiosincrasia de la localidad. La misma ser\u00e1 izada por primera vez el 20 de junio de 2007.<\/p>\n","protected":false},"excerpt":{"rendered":"<p>En diciembre de 2006 se dio a conocer el resultado del concurso \u201cUna Bandera para mi pueblo\u201d. El primer premio lo obtuvo la Sra. Graciela Anal\u00eda Boglietti; la fundamentaci\u00f3n de la bandera es la siguiente, el \u00e1rea rosa y negra&#8230;<\/p>\n","protected":false},"author":1,"featured_media":198,"comment_status":"open","ping_status":"open","sticky":false,"template":"","format":"standard","meta":{"footnotes":""},"categories":[1],"tags":[],"class_list":["post-169","post","type-post","status-publish","format-standard","has-post-thumbnail","hentry","category-bandera"],"_links":{"self":[{"href":"https:\/\/entecultura.com.ar\/abanderados\/wp-json\/wp\/v2\/posts\/169","targetHints":{"allow":["GET"]}}],"collection":[{"href":"https:\/\/entecultura.com.ar\/abanderados\/wp-json\/wp\/v2\/posts"}],"about":[{"href":"https:\/\/entecultura.com.ar\/abanderados\/wp-json\/wp\/v2\/types\/post"}],"author":[{"embeddable":true,"href":"https:\/\/entecultura.com.ar\/abanderados\/wp-json\/wp\/v2\/users\/1"}],"replies":[{"embeddable":true,"href":"https:\/\/entecultura.com.ar\/abanderados\/wp-json\/wp\/v2\/comments?post=169"}],"version-history":[{"count":1,"href":"https:\/\/entecultura.com.ar\/abanderados\/wp-json\/wp\/v2\/posts\/169\/revisions"}],"predecessor-version":[{"id":170,"href":"https:\/\/entecultura.com.ar\/abanderados\/wp-json\/wp\/v2\/posts\/169\/revisions\/170"}],"wp:featuredmedia":[{"embeddable":true,"href":"https:\/\/entecultura.com.ar\/abanderados\/wp-json\/wp\/v2\/media\/198"}],"wp:attachment":[{"href":"https:\/\/entecultura.com.ar\/abanderados\/wp-json\/wp\/v2\/media?parent=169"}],"wp:term":[{"taxonomy":"category","embeddable":true,"href":"https:\/\/entecultura.com.ar\/abanderados\/wp-json\/wp\/v2\/categories?post=169"},{"taxonomy":"post_tag","embeddable":true,"href":"https:\/\/entecultura.com.ar\/abanderados\/wp-json\/wp\/v2\/tags?post=169"}],"curies":[{"name":"wp","href":"https:\/\/api.w.org\/{rel}","templated":true}]}}