{"id":173,"date":"2026-04-25T04:45:48","date_gmt":"2026-04-25T07:45:48","guid":{"rendered":"https:\/\/entecultura.com.ar\/abanderados\/?p=173"},"modified":"2026-04-25T04:45:48","modified_gmt":"2026-04-25T07:45:48","slug":"malabrigo","status":"publish","type":"post","link":"https:\/\/entecultura.com.ar\/abanderados\/2026\/04\/25\/malabrigo\/","title":{"rendered":"MALABRIGO"},"content":{"rendered":"\n<p>En el a\u00f1o 2007 se realiz\u00f3 un concurso para la elecci\u00f3n de la \u201cBandera Oficial de Malabrigo\u201d.<\/p>\n\n\n\n<p>El trabajo ganador result\u00f3 pertenecer a Raul Comuzzi; el mismo expresa que la bandera distrital que nos representa significa:<\/p>\n\n\n\n<p><em>\u201cLA FORMA DE LA LETRA M COMO ICONO DEL NOMBRE DE NUESTRA CIUDAD, CORONADA POR UN SOL RADIANTE, FUENTE DE VIDA ETERNA Y ELEMENTO QUE SE UTILIZA EN NUESTROS S\u00cdMBOLOS PATRIOS NACIONALES. ESTA LETRA EST\u00c1 FORMADA POR UNA CINTA BLANCA, SIN\u00d3NIMO DE PUREZA E INTEGRIDAD, QUE RECORRE LA BANDERA EN FORMA HORIZONTAL DIVIDI\u00c9NDOLA EN DOS CAMPOS ASIM\u00c9TRICOS. EL INFERIOR DE COLOR VERDE, HACIENDO REFERENCIA AL SECTOR PRODUCTIVO AGROPECUARIO, PRINCIPAL FUENTE DE INGRESOS, Y UN CAMPO SUPERIOR COLOR CELESTE, EN ASOCIACION DIRECTA CON EL CIELO Y DIOS NUESTRO SE\u00d1OR Y PROTECTOR\u201d.<\/em><\/p>\n","protected":false},"excerpt":{"rendered":"<p>En el a\u00f1o 2007 se realiz\u00f3 un concurso para la elecci\u00f3n de la \u201cBandera Oficial de Malabrigo\u201d. El trabajo ganador result\u00f3 pertenecer a Raul Comuzzi; el mismo expresa que la bandera distrital que nos representa significa: \u201cLA FORMA DE LA&#8230;<\/p>\n","protected":false},"author":1,"featured_media":197,"comment_status":"open","ping_status":"open","sticky":false,"template":"","format":"standard","meta":{"footnotes":""},"categories":[1],"tags":[],"class_list":["post-173","post","type-post","status-publish","format-standard","has-post-thumbnail","hentry","category-bandera"],"_links":{"self":[{"href":"https:\/\/entecultura.com.ar\/abanderados\/wp-json\/wp\/v2\/posts\/173","targetHints":{"allow":["GET"]}}],"collection":[{"href":"https:\/\/entecultura.com.ar\/abanderados\/wp-json\/wp\/v2\/posts"}],"about":[{"href":"https:\/\/entecultura.com.ar\/abanderados\/wp-json\/wp\/v2\/types\/post"}],"author":[{"embeddable":true,"href":"https:\/\/entecultura.com.ar\/abanderados\/wp-json\/wp\/v2\/users\/1"}],"replies":[{"embeddable":true,"href":"https:\/\/entecultura.com.ar\/abanderados\/wp-json\/wp\/v2\/comments?post=173"}],"version-history":[{"count":1,"href":"https:\/\/entecultura.com.ar\/abanderados\/wp-json\/wp\/v2\/posts\/173\/revisions"}],"predecessor-version":[{"id":174,"href":"https:\/\/entecultura.com.ar\/abanderados\/wp-json\/wp\/v2\/posts\/173\/revisions\/174"}],"wp:featuredmedia":[{"embeddable":true,"href":"https:\/\/entecultura.com.ar\/abanderados\/wp-json\/wp\/v2\/media\/197"}],"wp:attachment":[{"href":"https:\/\/entecultura.com.ar\/abanderados\/wp-json\/wp\/v2\/media?parent=173"}],"wp:term":[{"taxonomy":"category","embeddable":true,"href":"https:\/\/entecultura.com.ar\/abanderados\/wp-json\/wp\/v2\/categories?post=173"},{"taxonomy":"post_tag","embeddable":true,"href":"https:\/\/entecultura.com.ar\/abanderados\/wp-json\/wp\/v2\/tags?post=173"}],"curies":[{"name":"wp","href":"https:\/\/api.w.org\/{rel}","templated":true}]}}