{"id":175,"date":"2026-03-09T12:16:33","date_gmt":"2026-03-09T15:16:33","guid":{"rendered":"https:\/\/entecultura.com.ar\/abanderados\/?p=175"},"modified":"2026-03-09T12:16:33","modified_gmt":"2026-03-09T15:16:33","slug":"maria-juana","status":"publish","type":"post","link":"https:\/\/entecultura.com.ar\/abanderados\/2026\/03\/09\/maria-juana\/","title":{"rendered":"MAR\u00cdA JUANA"},"content":{"rendered":"\n<p><em>Mar\u00eda Juana comienza su historia el 21 de julio de 1883, cuando el propietario de las tierras; Melit\u00f3n Espinosa, recibe del Gobierno de Santa Fe la aprobaci\u00f3n de traza de la colonia.<\/em><\/p>\n\n\n\n<p><em>Ubicada en la inmensa pradera del centro oeste santafesino.<\/em><\/p>\n\n\n\n<p><em>Contamos con a primera f\u00e1brica de vagones ferroviarios de Sudam\u00e9rica.<\/em><\/p>\n\n\n\n<p><em>Su primer industria fue el Molino Victoria S.A fundado en 1887 y actualmente en pleno funcionamiento.<\/em><\/p>\n\n\n\n<p><em>Tener un lienzo que abrace y cobije a todos los habitantes de Mar\u00eda Juana era el objetivo con motivo de cumplir nuestra localidad 140 a\u00f1os de vida.<\/em><\/p>\n\n\n\n<p><em>La bandera de nuestro pueblo fue seleccionada por un jurado luego de un concurso abierto a toda la comunidad.<\/em><\/p>\n\n\n\n<p><em>Se presentaron 8 propuestas y la ganadora fue la creada por la se\u00f1orita Plenazzio; Yanina Micaela. Y fue aprobada por ordenanza COMUNAL N\u00b0:1794\/2023<\/em><\/p>\n\n\n\n<p><em>Arriba: Color celeste (Pantone 312 C) simboliza la justicia, la lealtad, la fraternidad, la fortaleza, el valor y el cielo que cubre nuestro pueblo, as\u00ed como tambi\u00e9n nuestros ideales de progreso.<\/em><\/p>\n\n\n\n<p><em>Centro: color blanco: nos recuerda que la paz y la uni\u00f3n deben prevalecer entre todos los habitantes de nuestra comunidad<\/em><\/p>\n\n\n\n<p><em>Bajo: color verde (Pantone 368 C) representa la riqueza de nuestros campos y la esperanza como<\/em><\/p>\n\n\n\n<p><em>valor principal de nuestra sociedad.<\/em><\/p>\n\n\n\n<p><em>La franja marr\u00f3n (Pantone 476 C ) que cruza toda la bandera, simboliza la forma del centro de nuestra plaza p\u00fablica San Mart\u00edn; estructura caracter\u00edstica de nuestro pueblo.<\/em><\/p>\n\n\n\n<p><em>En el centro se encuentran representados dos pilares importantes en la historia de nuestro pueblo, los cuales se mantienen hasta nuestros d\u00edas.<\/em><\/p>\n\n\n\n<p><em>La industria metal\u00fargica (cuna del primer vag\u00f3n de carga argentino): Franjas blancas y marrones intercaladas.<\/em><\/p>\n\n\n\n<p><em>La industria molinera: Espiga de trigo en color marr\u00f3n.<\/em><\/p>\n","protected":false},"excerpt":{"rendered":"<p>Mar\u00eda Juana comienza su historia el 21 de julio de 1883, cuando el propietario de las tierras; Melit\u00f3n Espinosa, recibe del Gobierno de Santa Fe la aprobaci\u00f3n de traza de la colonia. Ubicada en la inmensa pradera del centro oeste&#8230;<\/p>\n","protected":false},"author":1,"featured_media":176,"comment_status":"open","ping_status":"open","sticky":false,"template":"","format":"standard","meta":{"footnotes":""},"categories":[1],"tags":[],"class_list":["post-175","post","type-post","status-publish","format-standard","has-post-thumbnail","hentry","category-bandera"],"_links":{"self":[{"href":"https:\/\/entecultura.com.ar\/abanderados\/wp-json\/wp\/v2\/posts\/175","targetHints":{"allow":["GET"]}}],"collection":[{"href":"https:\/\/entecultura.com.ar\/abanderados\/wp-json\/wp\/v2\/posts"}],"about":[{"href":"https:\/\/entecultura.com.ar\/abanderados\/wp-json\/wp\/v2\/types\/post"}],"author":[{"embeddable":true,"href":"https:\/\/entecultura.com.ar\/abanderados\/wp-json\/wp\/v2\/users\/1"}],"replies":[{"embeddable":true,"href":"https:\/\/entecultura.com.ar\/abanderados\/wp-json\/wp\/v2\/comments?post=175"}],"version-history":[{"count":1,"href":"https:\/\/entecultura.com.ar\/abanderados\/wp-json\/wp\/v2\/posts\/175\/revisions"}],"predecessor-version":[{"id":177,"href":"https:\/\/entecultura.com.ar\/abanderados\/wp-json\/wp\/v2\/posts\/175\/revisions\/177"}],"wp:featuredmedia":[{"embeddable":true,"href":"https:\/\/entecultura.com.ar\/abanderados\/wp-json\/wp\/v2\/media\/176"}],"wp:attachment":[{"href":"https:\/\/entecultura.com.ar\/abanderados\/wp-json\/wp\/v2\/media?parent=175"}],"wp:term":[{"taxonomy":"category","embeddable":true,"href":"https:\/\/entecultura.com.ar\/abanderados\/wp-json\/wp\/v2\/categories?post=175"},{"taxonomy":"post_tag","embeddable":true,"href":"https:\/\/entecultura.com.ar\/abanderados\/wp-json\/wp\/v2\/tags?post=175"}],"curies":[{"name":"wp","href":"https:\/\/api.w.org\/{rel}","templated":true}]}}