{"id":178,"date":"2026-03-09T12:17:41","date_gmt":"2026-03-09T15:17:41","guid":{"rendered":"https:\/\/entecultura.com.ar\/abanderados\/?p=178"},"modified":"2026-03-09T12:17:41","modified_gmt":"2026-03-09T15:17:41","slug":"el-trebol","status":"publish","type":"post","link":"https:\/\/entecultura.com.ar\/abanderados\/2026\/03\/09\/el-trebol\/","title":{"rendered":"EL TR\u00c9BOL"},"content":{"rendered":"\n<p><em>A principio del 2019 surgi\u00f3 una iniciativa desde la comunidad para crear la bandera de El Tr\u00e9bol y tal idea fue acompa\u00f1ada por el Ejecutivo y el Legislativo.<\/em><\/p>\n\n\n\n<p><em>En aquel momento, el proyecto original fue presentado por la docente Aida Figueredo, el Dr. Roberto Maurino y el periodista Rub\u00e9n Pron, como Tutores del mismo y quienes propusieron realizar un concurso denominado \u201cUna Bandera para El Tr\u00e9bol\u201d, convocando a alumnos de todas las escuelas a participar en la creaci\u00f3n del dise\u00f1o.<\/em><\/p>\n\n\n\n<p><em>Un tiempo despu\u00e9s, a mediados del 2019, se sancion\u00f3 la Ordenanza N\u00ba 1.233 &#8211;<\/em><\/p>\n\n\n\n<p><em>Concurso \u00abUNA BANDERA PARA EL TR\u00c9BOL\u00bb, que cre\u00f3 las bases y condiciones del proyecto, como as\u00ed tambi\u00e9n la conformaci\u00f3n de un jurado.<\/em><\/p>\n\n\n\n<p><em>Ese proyecto, que incluy\u00f3 a los establecimientos educativos y la participaci\u00f3n de ni\u00f1os de 8 a\u00f1os en adelante, tuvo una muy buena repercusi\u00f3n.<\/em><\/p>\n\n\n\n<p><em>Posteriormente, se form\u00f3 un jurado multisectorial, para que la decisi\u00f3n realmente fuera la m\u00e1s apropiada y la m\u00e1s equilibrada posible.<\/em><\/p>\n\n\n\n<p><em>A fines del 2019, m\u00e1s precisamente el 4 de diciembre, ese jurado estableci\u00f3 que la propuesta ganadora fuera la de Fausto Cena, que en ese momento ten\u00eda 10 a\u00f1os y concurr\u00eda a la Escuela Laprida.<\/em><\/p>\n\n\n\n<p><em>El 19 de enero de 2020 en el marco del 130\u00ba aniversario, fue la fecha en &nbsp;la que El Tr\u00e9bol cre\u00f3 su bandera y se present\u00f3 en sociedad.<\/em><\/p>\n\n\n\n<p><em>La bandera<\/em><\/p>\n\n\n\n<p><em>La Bandera Oficial de El Tr\u00e9bol se compone de tres bandas oblicuas siendo la central de color amarillo dorado. A ambos lados de dicha franja, se muestran dos tri\u00e1ngulos: El primero de color cer\u00faleo (azul-celeste) como el de la bandera nacional y el segundo, de color rojo lava, de la divisa provincial.<\/em><\/p>\n\n\n\n<p><em>Sobre la franja central, la figura de una hoja de tr\u00e9bol, con sus tres l\u00f3bulos y de color verde; m\u00e1s una orlada de un filete blanco e invadiendo levemente el campo de las bandas cer\u00falea y roja.<\/em><\/p>\n\n\n\n<p><em>Simbolog\u00eda<\/em><\/p>\n\n\n\n<p><em>El autor sostuvo que \u201cEl Tr\u00e9bol de tres hojas representa a los tres pueblos que dieron origen a El Tr\u00e9bol (Passo, El Tr\u00e9bol y Tais)\u201d.<\/em><\/p>\n\n\n\n<p><em>\u201cEleg\u00ed una perspectiva con un punto de fuga porque siento que todos, aunque seamos diferentes, queremos de igual manera a nuestra ciudad, en alg\u00fan punto nos unimos y necesitamos de todos para seguir creciendo y haciendo grande a El<\/em><\/p>\n\n\n\n<p><em>Tr\u00e9bol\u201d, explic\u00f3 el autor.<\/em><\/p>\n\n\n\n<p><em>En cuanto a los colores indic\u00f3 que \u201cel azul representa la abundancia, la vida espiritual y la sabidur\u00eda; el rojo representa la memoria (lo que fuimos y lo que somos), la valent\u00eda, la fuerza y el poder; el amarillo representa optimismo,renovaci\u00f3n, alegr\u00eda y felicidad (el sol), y el verde representa la naturaleza, la fertilidad y la esperanza\u201d.<\/em><\/p>\n\n\n\n<p><em>\u201cEn la bandera vemos un camino iluminado por el sol. El camino cumple una funci\u00f3n muy importante en el crecimiento de la sociedad, nos une y nos conduce hacia el tr\u00e9bol que es nuestro s\u00edmbolo, lo que nos identifica. Es una bandera din\u00e1mica y un detalle importante es que la sencillez del dise\u00f1o hace que desde muy peque\u00f1os lo podemos identificar y plasmar en una hoja\u201d, agreg\u00f3.<\/em><\/p>\n\n\n\n<p><em>Los colores<\/em><\/p>\n\n\n\n<p><em>Celeste: Representa la abundancia, la vida espiritual y la sabidur\u00eda.<\/em><\/p>\n\n\n\n<p><em>Rojo: Hace alusi\u00f3n a la memoria (lo que fuimos y lo que somos), la valent\u00eda, la fuerza y el poder.<\/em><\/p>\n\n\n\n<p><em>Verde: Refleja la naturaleza, la fertilidad y la esperanza.<\/em><\/p>\n\n\n\n<p><em>Amarillo: Es el optimismo, la renovaci\u00f3n, la alegr\u00eda y la felicidad (sol).<\/em><\/p>\n","protected":false},"excerpt":{"rendered":"<p>A principio del 2019 surgi\u00f3 una iniciativa desde la comunidad para crear la bandera de El Tr\u00e9bol y tal idea fue acompa\u00f1ada por el Ejecutivo y el Legislativo. En aquel momento, el proyecto original fue presentado por la docente Aida&#8230;<\/p>\n","protected":false},"author":1,"featured_media":179,"comment_status":"open","ping_status":"open","sticky":false,"template":"","format":"standard","meta":{"footnotes":""},"categories":[1],"tags":[],"class_list":["post-178","post","type-post","status-publish","format-standard","has-post-thumbnail","hentry","category-bandera"],"_links":{"self":[{"href":"https:\/\/entecultura.com.ar\/abanderados\/wp-json\/wp\/v2\/posts\/178","targetHints":{"allow":["GET"]}}],"collection":[{"href":"https:\/\/entecultura.com.ar\/abanderados\/wp-json\/wp\/v2\/posts"}],"about":[{"href":"https:\/\/entecultura.com.ar\/abanderados\/wp-json\/wp\/v2\/types\/post"}],"author":[{"embeddable":true,"href":"https:\/\/entecultura.com.ar\/abanderados\/wp-json\/wp\/v2\/users\/1"}],"replies":[{"embeddable":true,"href":"https:\/\/entecultura.com.ar\/abanderados\/wp-json\/wp\/v2\/comments?post=178"}],"version-history":[{"count":1,"href":"https:\/\/entecultura.com.ar\/abanderados\/wp-json\/wp\/v2\/posts\/178\/revisions"}],"predecessor-version":[{"id":180,"href":"https:\/\/entecultura.com.ar\/abanderados\/wp-json\/wp\/v2\/posts\/178\/revisions\/180"}],"wp:featuredmedia":[{"embeddable":true,"href":"https:\/\/entecultura.com.ar\/abanderados\/wp-json\/wp\/v2\/media\/179"}],"wp:attachment":[{"href":"https:\/\/entecultura.com.ar\/abanderados\/wp-json\/wp\/v2\/media?parent=178"}],"wp:term":[{"taxonomy":"category","embeddable":true,"href":"https:\/\/entecultura.com.ar\/abanderados\/wp-json\/wp\/v2\/categories?post=178"},{"taxonomy":"post_tag","embeddable":true,"href":"https:\/\/entecultura.com.ar\/abanderados\/wp-json\/wp\/v2\/tags?post=178"}],"curies":[{"name":"wp","href":"https:\/\/api.w.org\/{rel}","templated":true}]}}