{"id":181,"date":"2026-03-09T12:19:46","date_gmt":"2026-03-09T15:19:46","guid":{"rendered":"https:\/\/entecultura.com.ar\/abanderados\/?p=181"},"modified":"2026-03-09T12:19:46","modified_gmt":"2026-03-09T15:19:46","slug":"pavon-arriba","status":"publish","type":"post","link":"https:\/\/entecultura.com.ar\/abanderados\/2026\/03\/09\/pavon-arriba\/","title":{"rendered":"PAV\u00d3N ARRIBA"},"content":{"rendered":"\n<p>Con motivo del D\u00eda de la Bandera, en 1998, profesores de la Escuela N\u00b0 321 realizaron un concurso para dotar al pueblo de una bandera que nos identifique, siendo la elegida, la dise\u00f1ada por los alumnos Germ\u00e1n Dur\u00e1n y Marcelino Gonz\u00e1lez.<\/p>\n\n\n\n<p>El color celeste es por la bandera Argentina, el rojo es por la provincia. En el centro est\u00e1 la f\u00e1brica y el durazno por ser las fuentes de trabajo m\u00e1s representativas de la \u00e9poca y el libro que representa a la educaci\u00f3n p\u00fablica.<\/p>\n","protected":false},"excerpt":{"rendered":"<p>Con motivo del D\u00eda de la Bandera, en 1998, profesores de la Escuela N\u00b0 321 realizaron un concurso para dotar al pueblo de una bandera que nos identifique, siendo la elegida, la dise\u00f1ada por los alumnos Germ\u00e1n Dur\u00e1n y Marcelino&#8230;<\/p>\n","protected":false},"author":1,"featured_media":182,"comment_status":"open","ping_status":"open","sticky":false,"template":"","format":"standard","meta":{"footnotes":""},"categories":[1],"tags":[],"class_list":["post-181","post","type-post","status-publish","format-standard","has-post-thumbnail","hentry","category-bandera"],"_links":{"self":[{"href":"https:\/\/entecultura.com.ar\/abanderados\/wp-json\/wp\/v2\/posts\/181","targetHints":{"allow":["GET"]}}],"collection":[{"href":"https:\/\/entecultura.com.ar\/abanderados\/wp-json\/wp\/v2\/posts"}],"about":[{"href":"https:\/\/entecultura.com.ar\/abanderados\/wp-json\/wp\/v2\/types\/post"}],"author":[{"embeddable":true,"href":"https:\/\/entecultura.com.ar\/abanderados\/wp-json\/wp\/v2\/users\/1"}],"replies":[{"embeddable":true,"href":"https:\/\/entecultura.com.ar\/abanderados\/wp-json\/wp\/v2\/comments?post=181"}],"version-history":[{"count":1,"href":"https:\/\/entecultura.com.ar\/abanderados\/wp-json\/wp\/v2\/posts\/181\/revisions"}],"predecessor-version":[{"id":183,"href":"https:\/\/entecultura.com.ar\/abanderados\/wp-json\/wp\/v2\/posts\/181\/revisions\/183"}],"wp:featuredmedia":[{"embeddable":true,"href":"https:\/\/entecultura.com.ar\/abanderados\/wp-json\/wp\/v2\/media\/182"}],"wp:attachment":[{"href":"https:\/\/entecultura.com.ar\/abanderados\/wp-json\/wp\/v2\/media?parent=181"}],"wp:term":[{"taxonomy":"category","embeddable":true,"href":"https:\/\/entecultura.com.ar\/abanderados\/wp-json\/wp\/v2\/categories?post=181"},{"taxonomy":"post_tag","embeddable":true,"href":"https:\/\/entecultura.com.ar\/abanderados\/wp-json\/wp\/v2\/tags?post=181"}],"curies":[{"name":"wp","href":"https:\/\/api.w.org\/{rel}","templated":true}]}}