{"id":192,"date":"2026-04-25T04:51:46","date_gmt":"2026-04-25T07:51:46","guid":{"rendered":"https:\/\/entecultura.com.ar\/abanderados\/?p=192"},"modified":"2026-04-25T04:51:46","modified_gmt":"2026-04-25T07:51:46","slug":"timbues","status":"publish","type":"post","link":"https:\/\/entecultura.com.ar\/abanderados\/2026\/04\/25\/timbues\/","title":{"rendered":"TIMB\u00daES"},"content":{"rendered":"\n<p>Tres franjas horizontales:<\/p>\n\n\n\n<p>La superior de color rojo representa el valor y la entereza de su gente ante las adversidades.<\/p>\n\n\n\n<p>La central, blanca y celeste, la identidad argentina.<\/p>\n\n\n\n<p>Y la inferior, verde, representa la naturaleza, sus campos y la esperanza de sus pobladores en un futuro de progreso.<\/p>\n\n\n\n<p>En el centro un sol naciente, vida, luz y energ\u00eda.&nbsp; Y las espigas la&nbsp; actividad productiva, los frutos de la tierra. El dise\u00f1o surge de una convocatoria p\u00fablica, realizada en el a\u00f1o 2007, en ocasi\u00f3n del 125&nbsp; aniversario de la localidad. Fue seleccionado el dise\u00f1o presentado por la ni\u00f1a Yamila&nbsp; Ghiano. Quince a\u00f1os m\u00e1s tarde ese dise\u00f1o se plasm\u00f3 en la BANDERA DE CEREMONIAS que se presenta al celebrarse los 140 a\u00f1os de la fundaci\u00f3n de Providencia<\/p>\n","protected":false},"excerpt":{"rendered":"<p>Tres franjas horizontales: La superior de color rojo representa el valor y la entereza de su gente ante las adversidades. La central, blanca y celeste, la identidad argentina. Y la inferior, verde, representa la naturaleza, sus campos y la esperanza&#8230;<\/p>\n","protected":false},"author":1,"featured_media":199,"comment_status":"open","ping_status":"open","sticky":false,"template":"","format":"standard","meta":{"footnotes":""},"categories":[1],"tags":[],"class_list":["post-192","post","type-post","status-publish","format-standard","has-post-thumbnail","hentry","category-bandera"],"_links":{"self":[{"href":"https:\/\/entecultura.com.ar\/abanderados\/wp-json\/wp\/v2\/posts\/192","targetHints":{"allow":["GET"]}}],"collection":[{"href":"https:\/\/entecultura.com.ar\/abanderados\/wp-json\/wp\/v2\/posts"}],"about":[{"href":"https:\/\/entecultura.com.ar\/abanderados\/wp-json\/wp\/v2\/types\/post"}],"author":[{"embeddable":true,"href":"https:\/\/entecultura.com.ar\/abanderados\/wp-json\/wp\/v2\/users\/1"}],"replies":[{"embeddable":true,"href":"https:\/\/entecultura.com.ar\/abanderados\/wp-json\/wp\/v2\/comments?post=192"}],"version-history":[{"count":1,"href":"https:\/\/entecultura.com.ar\/abanderados\/wp-json\/wp\/v2\/posts\/192\/revisions"}],"predecessor-version":[{"id":193,"href":"https:\/\/entecultura.com.ar\/abanderados\/wp-json\/wp\/v2\/posts\/192\/revisions\/193"}],"wp:featuredmedia":[{"embeddable":true,"href":"https:\/\/entecultura.com.ar\/abanderados\/wp-json\/wp\/v2\/media\/199"}],"wp:attachment":[{"href":"https:\/\/entecultura.com.ar\/abanderados\/wp-json\/wp\/v2\/media?parent=192"}],"wp:term":[{"taxonomy":"category","embeddable":true,"href":"https:\/\/entecultura.com.ar\/abanderados\/wp-json\/wp\/v2\/categories?post=192"},{"taxonomy":"post_tag","embeddable":true,"href":"https:\/\/entecultura.com.ar\/abanderados\/wp-json\/wp\/v2\/tags?post=192"}],"curies":[{"name":"wp","href":"https:\/\/api.w.org\/{rel}","templated":true}]}}