{"id":204,"date":"2026-04-25T05:03:18","date_gmt":"2026-04-25T08:03:18","guid":{"rendered":"https:\/\/entecultura.com.ar\/abanderados\/?p=204"},"modified":"2026-04-25T05:03:18","modified_gmt":"2026-04-25T08:03:18","slug":"chanar-ladeado","status":"publish","type":"post","link":"https:\/\/entecultura.com.ar\/abanderados\/2026\/04\/25\/chanar-ladeado\/","title":{"rendered":"CHA\u00d1AR LADEADO"},"content":{"rendered":"\n<p>Con motivo del Centenario de Cha\u00f1ar Ladeado en 1991, la comisi\u00f3n de festejos llevo a cabo la convocatoria de un concurso libre y abierto que aportaran imaginaci\u00f3n y sentimiento para el dise\u00f1o de la bandera que identificar\u00eda al pueblo. Fueron seleccionadas un grupo de alumnas del nivel secundario del Instituto del Perpetuo Socorro, Andrea Capellari, Andrea Cappa, Mariana Maccari, Carina Barberis y Mar\u00eda Cesar Barulich. En la representaci\u00f3n simb\u00f3lica utilizaron los colores celeste, blanco y amarillo en franjas verticales, incluyendo en el centro la figura del mapa provincial en verde con los s\u00edmbolos de la riqueza agraria.<\/p>\n\n\n\n<p> La bandera fue presentada oficialmente en la plaza 25 de mayo el 29 de noviembre de 1990, un a\u00f1o antes para que presidiera todos los actos del Centenario<\/p>\n","protected":false},"excerpt":{"rendered":"<p>Con motivo del Centenario de Cha\u00f1ar Ladeado en 1991, la comisi\u00f3n de festejos llevo a cabo la convocatoria de un concurso libre y abierto que aportaran imaginaci\u00f3n y sentimiento para el dise\u00f1o de la bandera que identificar\u00eda al pueblo. Fueron&#8230;<\/p>\n","protected":false},"author":1,"featured_media":205,"comment_status":"open","ping_status":"open","sticky":false,"template":"","format":"standard","meta":{"footnotes":""},"categories":[1],"tags":[],"class_list":["post-204","post","type-post","status-publish","format-standard","has-post-thumbnail","hentry","category-bandera"],"_links":{"self":[{"href":"https:\/\/entecultura.com.ar\/abanderados\/wp-json\/wp\/v2\/posts\/204","targetHints":{"allow":["GET"]}}],"collection":[{"href":"https:\/\/entecultura.com.ar\/abanderados\/wp-json\/wp\/v2\/posts"}],"about":[{"href":"https:\/\/entecultura.com.ar\/abanderados\/wp-json\/wp\/v2\/types\/post"}],"author":[{"embeddable":true,"href":"https:\/\/entecultura.com.ar\/abanderados\/wp-json\/wp\/v2\/users\/1"}],"replies":[{"embeddable":true,"href":"https:\/\/entecultura.com.ar\/abanderados\/wp-json\/wp\/v2\/comments?post=204"}],"version-history":[{"count":1,"href":"https:\/\/entecultura.com.ar\/abanderados\/wp-json\/wp\/v2\/posts\/204\/revisions"}],"predecessor-version":[{"id":206,"href":"https:\/\/entecultura.com.ar\/abanderados\/wp-json\/wp\/v2\/posts\/204\/revisions\/206"}],"wp:featuredmedia":[{"embeddable":true,"href":"https:\/\/entecultura.com.ar\/abanderados\/wp-json\/wp\/v2\/media\/205"}],"wp:attachment":[{"href":"https:\/\/entecultura.com.ar\/abanderados\/wp-json\/wp\/v2\/media?parent=204"}],"wp:term":[{"taxonomy":"category","embeddable":true,"href":"https:\/\/entecultura.com.ar\/abanderados\/wp-json\/wp\/v2\/categories?post=204"},{"taxonomy":"post_tag","embeddable":true,"href":"https:\/\/entecultura.com.ar\/abanderados\/wp-json\/wp\/v2\/tags?post=204"}],"curies":[{"name":"wp","href":"https:\/\/api.w.org\/{rel}","templated":true}]}}