{"id":207,"date":"2026-04-25T05:05:10","date_gmt":"2026-04-25T08:05:10","guid":{"rendered":"https:\/\/entecultura.com.ar\/abanderados\/?p=207"},"modified":"2026-04-25T05:05:10","modified_gmt":"2026-04-25T08:05:10","slug":"firmat","status":"publish","type":"post","link":"https:\/\/entecultura.com.ar\/abanderados\/2026\/04\/25\/firmat\/","title":{"rendered":"FIRMAT"},"content":{"rendered":"\n<p>Autor: Arquitecto CELEDONIO RISSO <\/p>\n\n\n\n<p>Fundamentaci\u00f3n La figura que domina el cuadro es una paloma, en vuelo, insinuada en sus formas elementales, por no requerir m\u00e1s detalles para su comprensi\u00f3n. <\/p>\n\n\n\n<p>En el pico porta una espiga, y contiene diversos elementos que, encadenados, completan el esp\u00edritu ideogr\u00e1fico, detallado a continuaci\u00f3n. El fondo del pa\u00f1o es azul, por el cielo que surca, y como referencia a nuestra ense\u00f1a nacional.<\/p>\n\n\n\n<p>La figura principal, es blanco-plata, asociado a su pacifico mensaje. En el conocimiento, brilla el oro del saber, as\u00ed como en la flor del futuro, y en la espiga, que representa en uno, a todos los cultivos. El arraigo hist\u00f3rico, del que provenimos, y el din\u00e1mico vector que de \u00e9l nace y, pasando por e1l engranaje y las llamas del intelecto, culmina en el futuro, son del color del acero, por su fortaleza y tenacidad, virtudes tambi\u00e9n propias del trabajo. En una lectura muy profunda, el aire en que se mueve el ave, es el TIEMPO. <\/p>\n\n\n\n<p>La paloma es emblema universal de la PAZ, pero tambi\u00e9n es FIRMAT, en un movimiento, y, como los p\u00e1jaros, remontando vientos favorables, y luchando con los adversos. En el interior, la cola, m\u00e1s cercana a la tierra, est\u00e1 surcada por las ra\u00edces de nuestra historia. De ese PASADO nace una l\u00ednea directriz que se proyecta a un porvenir brillante, representado por una flor, en la cabeza, el FUTURO, con su ojo azul a\u00fan mirando hacia adelante. En su transcurso, en el cuerpo, se insin\u00faa una media corona, engranaje que refiere el TRABAJO (industria, comercio), sobre el que se elevan dos llamas, por las alas, significando el desarrollo intelectual, el conocimiento, la EDUCACI\u00d3N. En el c\u00edrculo central, del color del tiempo, se desarrollan los procesos sociales y pol\u00edticos, las artes, los deportes, la VIDA de la comunidad.<\/p>\n\n\n\n<p> En su pico lleva una espiga, fruto de nuestro CAMPO, producto del trabajo y el conocimiento, el ALIMENTO, pan nuestro y para los dem\u00e1s, la SOLIDARIDAD. Todo est\u00e1 dentro de la paloma, porque LA PAZ es continente, resultado de los s\u00edmbolos que porta, pero a la vez es condici\u00f3n para que ellos se realicen. Fue intenci\u00f3n de dise\u00f1o transmitir, en su actitud, un esp\u00edritu de determinaci\u00f3n, pues la paz ser\u00e1 el fruto de una b\u00fasqueda decidida de la Sociedad. Es, en s\u00edntesis, una paloma a prevalecer por sobre la violencia.<\/p>\n","protected":false},"excerpt":{"rendered":"<p>Autor: Arquitecto CELEDONIO RISSO Fundamentaci\u00f3n La figura que domina el cuadro es una paloma, en vuelo, insinuada en sus formas elementales, por no requerir m\u00e1s detalles para su comprensi\u00f3n. En el pico porta una espiga, y contiene diversos elementos que,&#8230;<\/p>\n","protected":false},"author":1,"featured_media":208,"comment_status":"open","ping_status":"open","sticky":false,"template":"","format":"standard","meta":{"footnotes":""},"categories":[1],"tags":[],"class_list":["post-207","post","type-post","status-publish","format-standard","has-post-thumbnail","hentry","category-bandera"],"_links":{"self":[{"href":"https:\/\/entecultura.com.ar\/abanderados\/wp-json\/wp\/v2\/posts\/207","targetHints":{"allow":["GET"]}}],"collection":[{"href":"https:\/\/entecultura.com.ar\/abanderados\/wp-json\/wp\/v2\/posts"}],"about":[{"href":"https:\/\/entecultura.com.ar\/abanderados\/wp-json\/wp\/v2\/types\/post"}],"author":[{"embeddable":true,"href":"https:\/\/entecultura.com.ar\/abanderados\/wp-json\/wp\/v2\/users\/1"}],"replies":[{"embeddable":true,"href":"https:\/\/entecultura.com.ar\/abanderados\/wp-json\/wp\/v2\/comments?post=207"}],"version-history":[{"count":1,"href":"https:\/\/entecultura.com.ar\/abanderados\/wp-json\/wp\/v2\/posts\/207\/revisions"}],"predecessor-version":[{"id":209,"href":"https:\/\/entecultura.com.ar\/abanderados\/wp-json\/wp\/v2\/posts\/207\/revisions\/209"}],"wp:featuredmedia":[{"embeddable":true,"href":"https:\/\/entecultura.com.ar\/abanderados\/wp-json\/wp\/v2\/media\/208"}],"wp:attachment":[{"href":"https:\/\/entecultura.com.ar\/abanderados\/wp-json\/wp\/v2\/media?parent=207"}],"wp:term":[{"taxonomy":"category","embeddable":true,"href":"https:\/\/entecultura.com.ar\/abanderados\/wp-json\/wp\/v2\/categories?post=207"},{"taxonomy":"post_tag","embeddable":true,"href":"https:\/\/entecultura.com.ar\/abanderados\/wp-json\/wp\/v2\/tags?post=207"}],"curies":[{"name":"wp","href":"https:\/\/api.w.org\/{rel}","templated":true}]}}