{"id":21,"date":"2026-02-12T20:27:16","date_gmt":"2026-02-12T23:27:16","guid":{"rendered":"https:\/\/entecultura.com.ar\/abanderados\/?p=21"},"modified":"2026-02-12T20:27:16","modified_gmt":"2026-02-12T23:27:16","slug":"arroyo-seco","status":"publish","type":"post","link":"https:\/\/entecultura.com.ar\/abanderados\/2026\/02\/12\/arroyo-seco\/","title":{"rendered":"ARROYO SECO"},"content":{"rendered":"\n<p>Con la bandera en las manos, explic\u00f3 el porqu\u00e9 de cada color. \u201cEl color marr\u00f3n representa al campo, la tierra arada, trabajada. Y los rayos amarillos representan el trigo, cuando est\u00e1 en fecha de cosecha\u201d. En 1997 la Municipalidad de Arroyo Seco realiz\u00f3 un concurso del que participaron 123 alumnos de escuelas primarias y secundarias locales. El objetivo era crear una bandera municipal que le diera identidad a nuestra ciudad. El 28 de abril de ese a\u00f1o, un jurado eligi\u00f3 la bandera ganadora, siendo esta la dise\u00f1ada por el alumno Walter Moreno, de 6\u00b0 a\u00f1o de la escuela Provincial N\u00b0 6036 \u201cBernardino Rivadavia.<\/p>\n\n\n\n<figure class=\"wp-block-image size-large\"><img loading=\"lazy\" decoding=\"async\" width=\"1024\" height=\"628\" src=\"https:\/\/entecultura.com.ar\/abanderados\/wp-content\/uploads\/2026\/02\/arroyo-seco-1024x628.jpeg\" alt=\"\" class=\"wp-image-22\" srcset=\"https:\/\/entecultura.com.ar\/abanderados\/wp-content\/uploads\/2026\/02\/arroyo-seco-1024x628.jpeg 1024w, https:\/\/entecultura.com.ar\/abanderados\/wp-content\/uploads\/2026\/02\/arroyo-seco-300x184.jpeg 300w, https:\/\/entecultura.com.ar\/abanderados\/wp-content\/uploads\/2026\/02\/arroyo-seco-768x471.jpeg 768w, https:\/\/entecultura.com.ar\/abanderados\/wp-content\/uploads\/2026\/02\/arroyo-seco-1536x942.jpeg 1536w, https:\/\/entecultura.com.ar\/abanderados\/wp-content\/uploads\/2026\/02\/arroyo-seco.jpeg 1600w\" sizes=\"auto, (max-width: 1024px) 100vw, 1024px\" \/><\/figure>\n","protected":false},"excerpt":{"rendered":"<p>Con la bandera en las manos, explic\u00f3 el porqu\u00e9 de cada color. \u201cEl color marr\u00f3n representa al campo, la tierra arada, trabajada. Y los rayos amarillos representan el trigo, cuando est\u00e1 en fecha de cosecha\u201d. En 1997 la Municipalidad de&#8230;<\/p>\n","protected":false},"author":1,"featured_media":22,"comment_status":"open","ping_status":"open","sticky":false,"template":"","format":"standard","meta":{"footnotes":""},"categories":[1],"tags":[],"class_list":["post-21","post","type-post","status-publish","format-standard","has-post-thumbnail","hentry","category-bandera"],"_links":{"self":[{"href":"https:\/\/entecultura.com.ar\/abanderados\/wp-json\/wp\/v2\/posts\/21","targetHints":{"allow":["GET"]}}],"collection":[{"href":"https:\/\/entecultura.com.ar\/abanderados\/wp-json\/wp\/v2\/posts"}],"about":[{"href":"https:\/\/entecultura.com.ar\/abanderados\/wp-json\/wp\/v2\/types\/post"}],"author":[{"embeddable":true,"href":"https:\/\/entecultura.com.ar\/abanderados\/wp-json\/wp\/v2\/users\/1"}],"replies":[{"embeddable":true,"href":"https:\/\/entecultura.com.ar\/abanderados\/wp-json\/wp\/v2\/comments?post=21"}],"version-history":[{"count":1,"href":"https:\/\/entecultura.com.ar\/abanderados\/wp-json\/wp\/v2\/posts\/21\/revisions"}],"predecessor-version":[{"id":23,"href":"https:\/\/entecultura.com.ar\/abanderados\/wp-json\/wp\/v2\/posts\/21\/revisions\/23"}],"wp:featuredmedia":[{"embeddable":true,"href":"https:\/\/entecultura.com.ar\/abanderados\/wp-json\/wp\/v2\/media\/22"}],"wp:attachment":[{"href":"https:\/\/entecultura.com.ar\/abanderados\/wp-json\/wp\/v2\/media?parent=21"}],"wp:term":[{"taxonomy":"category","embeddable":true,"href":"https:\/\/entecultura.com.ar\/abanderados\/wp-json\/wp\/v2\/categories?post=21"},{"taxonomy":"post_tag","embeddable":true,"href":"https:\/\/entecultura.com.ar\/abanderados\/wp-json\/wp\/v2\/tags?post=21"}],"curies":[{"name":"wp","href":"https:\/\/api.w.org\/{rel}","templated":true}]}}