{"id":213,"date":"2026-04-25T05:53:12","date_gmt":"2026-04-25T08:53:12","guid":{"rendered":"https:\/\/entecultura.com.ar\/abanderados\/?p=213"},"modified":"2026-04-25T05:53:12","modified_gmt":"2026-04-25T08:53:12","slug":"rosario","status":"publish","type":"post","link":"https:\/\/entecultura.com.ar\/abanderados\/2026\/04\/25\/rosario\/","title":{"rendered":"ROSARIO"},"content":{"rendered":"\n<p>La&nbsp;bandera&nbsp;de&nbsp;Rosario,&nbsp;adoptada&nbsp;oficialmente&nbsp;en&nbsp;2010,&nbsp;simboliza&nbsp;la&nbsp;diversidad&nbsp;cultural&nbsp;y&nbsp;la&nbsp;inclusi\u00f3n&nbsp;de&nbsp;la&nbsp;ciudad,&nbsp;con&nbsp;un&nbsp;dise\u00f1o&nbsp;que&nbsp;incluye&nbsp;el&nbsp;escudo&nbsp;de&nbsp;Rosario&nbsp;en&nbsp;el&nbsp;centro&nbsp;de&nbsp;un&nbsp;pa\u00f1o&nbsp;blanco.<\/p>\n\n\n\n<h3 class=\"wp-block-heading\" id=\"historia-y-adopcion\">Historia&nbsp;y&nbsp;Adopci\u00f3n<\/h3>\n\n\n\n<p>La\u00a0bandera\u00a0de\u00a0la\u00a0ciudad\u00a0de\u00a0Rosario\u00a0fue\u00a0establecida\u00a0durante\u00a0la\u00a0intendencia\u00a0de\u00a0Miguel\u00a0Lifschitz\u00a0y\u00a0fue\u00a0promovida\u00a0por\u00a0miembros\u00a0de\u00a0la\u00a0Junta\u00a0de\u00a0Historia\u00a0de\u00a0Rosario.\u00a0Fue\u00a0aprobada\u00a0por\u00a0unanimidad\u00a0por\u00a0el\u00a0Concejo\u00a0Deliberante\u00a0mediante\u00a0la\u00a0Ordenanza\u00a0N.\u00ba\u00a08523\u00a0el\u00a020\u00a0de\u00a0junio\u00a0de\u00a02010.\u00a0Esta\u00a0bandera\u00a0representa\u00a0el\u00a0crisol\u00a0de\u00a0razas\u00a0que\u00a0caracteriza\u00a0a\u00a0la\u00a0ciudad,\u00a0reflejando\u00a0su\u00a0diversidad\u00a0cultural\u00a0y\u00a0su\u00a0compromiso\u00a0con\u00a0la<a href=\"https:\/\/www.bing.com\/ck\/a?!&amp;&amp;p=01c4bd7c57c8a8258b072b47a60d8611edb6da34ac936f63e1de8662caa1869dJmltdHM9MTc3NzA3NTIwMA&amp;ptn=3&amp;ver=2&amp;hsh=4&amp;fclid=1460c5d7-ebe8-6b7f-2c7f-d322ea9d6ad9&amp;psq=ROSARIO+BANDERA&amp;u=a1aHR0cHM6Ly9lcy53aWtpcGVkaWEub3JnL3dpa2kvQmFuZGVyYV9kZV9Sb3Nhcmlv&amp;ntb=1\" target=\"_blank\" rel=\"noreferrer noopener\">\u00a0<\/a>inclusi\u00f3n.\u00a0<a href=\"https:\/\/www.bing.com\/ck\/a?!&amp;&amp;p=01c4bd7c57c8a8258b072b47a60d8611edb6da34ac936f63e1de8662caa1869dJmltdHM9MTc3NzA3NTIwMA&amp;ptn=3&amp;ver=2&amp;hsh=4&amp;fclid=1460c5d7-ebe8-6b7f-2c7f-d322ea9d6ad9&amp;psq=ROSARIO+BANDERA&amp;u=a1aHR0cHM6Ly9lcy53aWtpcGVkaWEub3JnL3dpa2kvQmFuZGVyYV9kZV9Sb3Nhcmlv&amp;ntb=1\" target=\"_blank\" rel=\"noreferrer noopener\"><\/a><a href=\"https:\/\/www.bing.com\/ck\/a?!&amp;&amp;p=01c4bd7c57c8a8258b072b47a60d8611edb6da34ac936f63e1de8662caa1869dJmltdHM9MTc3NzA3NTIwMA&amp;ptn=3&amp;ver=2&amp;hsh=4&amp;fclid=1460c5d7-ebe8-6b7f-2c7f-d322ea9d6ad9&amp;psq=ROSARIO+BANDERA&amp;u=a1aHR0cHM6Ly9lcy53aWtpcGVkaWEub3JnL3dpa2kvQmFuZGVyYV9kZV9Sb3Nhcmlv&amp;ntb=1\" target=\"_blank\" rel=\"noreferrer noopener\"><\/a><\/p>\n\n\n\n<h3 class=\"wp-block-heading\" id=\"diseno\">Dise\u00f1o<\/h3>\n\n\n\n<p>El\u00a0dise\u00f1o\u00a0de\u00a0la\u00a0bandera\u00a0consiste\u00a0en\u00a0un\u00a0pa\u00f1o\u00a0blanco\u00a0que\u00a0simboliza\u00a0la\u00a0uni\u00f3n\u00a0de\u00a0todas\u00a0las\u00a0razas\u00a0y\u00a0culturas\u00a0que\u00a0han\u00a0contribuido\u00a0a\u00a0la\u00a0identidad\u00a0de\u00a0Rosario.\u00a0En\u00a0el\u00a0centro\u00a0se\u00a0encuentra\u00a0el\u00a0escudo\u00a0de\u00a0la\u00a0ciudad,\u00a0que\u00a0fue\u00a0aprobado\u00a0en\u00a01862.\u00a0Este\u00a0escudo\u00a0incluye\u00a0elementos\u00a0que\u00a0representan\u00a0la\u00a0historia\u00a0de\u00a0Rosario,\u00a0como\u00a0el\u00a0brazo\u00a0de\u00a0Manuel\u00a0Belgrano\u00a0sosteniendo\u00a0la\u00a0bandera\u00a0nacional,\u00a0y\u00a0hace\u00a0alusi\u00f3n\u00a0a\u00a0su\u00a0condici\u00f3n\u00a0de\u00a0puerto\u00a0fluvial.\u00a0<\/p>\n\n\n\n<p><a href=\"https:\/\/www.bing.com\/ck\/a?!&amp;&amp;p=01c4bd7c57c8a8258b072b47a60d8611edb6da34ac936f63e1de8662caa1869dJmltdHM9MTc3NzA3NTIwMA&amp;ptn=3&amp;ver=2&amp;hsh=4&amp;fclid=1460c5d7-ebe8-6b7f-2c7f-d322ea9d6ad9&amp;psq=ROSARIO+BANDERA&amp;u=a1aHR0cHM6Ly9lcy53aWtpcGVkaWEub3JnL3dpa2kvQmFuZGVyYV9kZV9Sb3Nhcmlv&amp;ntb=1\" target=\"_blank\" rel=\"noreferrer noopener\"><\/a><a href=\"https:\/\/www.bing.com\/ck\/a?!&amp;&amp;p=01c4bd7c57c8a8258b072b47a60d8611edb6da34ac936f63e1de8662caa1869dJmltdHM9MTc3NzA3NTIwMA&amp;ptn=3&amp;ver=2&amp;hsh=4&amp;fclid=1460c5d7-ebe8-6b7f-2c7f-d322ea9d6ad9&amp;psq=ROSARIO+BANDERA&amp;u=a1aHR0cHM6Ly9lcy53aWtpcGVkaWEub3JnL3dpa2kvQmFuZGVyYV9kZV9Sb3Nhcmlv&amp;ntb=1\" target=\"_blank\" rel=\"noreferrer noopener\"><\/a>Significado<\/p>\n\n\n\n<p>La\u00a0bandera\u00a0no\u00a0solo\u00a0es\u00a0un\u00a0s\u00edmbolo\u00a0de\u00a0identidad\u00a0local,\u00a0sino\u00a0que\u00a0tambi\u00e9n\u00a0es\u00a0una\u00a0proclamaci\u00f3n\u00a0de\u00a0los\u00a0derechos\u00a0de\u00a0Rosario\u00a0a\u00a0alcanzar\u00a0una\u00a0plena\u00a0autonom\u00eda\u00a0institucional,\u00a0tal\u00a0como\u00a0lo\u00a0reconoce\u00a0la\u00a0Constituci\u00f3n\u00a0Nacional\u00a0de\u00a0Argentina.\u00a0La\u00a0bandera\u00a0se\u00a0utiliza\u00a0en\u00a0eventos\u00a0oficiales\u00a0y\u00a0ceremoniales,\u00a0y\u00a0su\u00a0uso\u00a0est\u00e1\u00a0regulado\u00a0por\u00a0un\u00a0protocolo\u00a0que\u00a0establece\u00a0su\u00a0precedencia\u00a0y\u00a0exhibici\u00f3n\u00a0en\u00a0espacios\u00a0p\u00fablicos.\u00a0<a href=\"https:\/\/www.bing.com\/ck\/a?!&amp;&amp;p=d29f784e2eb20097d07b884e4d15fa9e48f8dcca3c2191d5f1821808317fdcf2JmltdHM9MTc3NzA3NTIwMA&amp;ptn=3&amp;ver=2&amp;hsh=4&amp;fclid=1460c5d7-ebe8-6b7f-2c7f-d322ea9d6ad9&amp;psq=ROSARIO+BANDERA&amp;u=a1aHR0cHM6Ly9yb3NhcmlvLmNvbS5hci9iYW5kZXJhLWRlLXJvc2FyaW8uaHRt&amp;ntb=1\" target=\"_blank\" rel=\"noreferrer noopener\"><\/a><a href=\"https:\/\/www.bing.com\/ck\/a?!&amp;&amp;p=d29f784e2eb20097d07b884e4d15fa9e48f8dcca3c2191d5f1821808317fdcf2JmltdHM9MTc3NzA3NTIwMA&amp;ptn=3&amp;ver=2&amp;hsh=4&amp;fclid=1460c5d7-ebe8-6b7f-2c7f-d322ea9d6ad9&amp;psq=ROSARIO+BANDERA&amp;u=a1aHR0cHM6Ly9yb3NhcmlvLmNvbS5hci9iYW5kZXJhLWRlLXJvc2FyaW8uaHRt&amp;ntb=1\" target=\"_blank\" rel=\"noreferrer noopener\"><\/a><\/p>\n\n\n\n<h3 class=\"wp-block-heading\" id=\"uso-y-celebraciones\">Uso&nbsp;y&nbsp;Celebraciones<\/h3>\n\n\n\n<p>La\u00a0bandera\u00a0de\u00a0Rosario\u00a0se\u00a0presenta\u00a0en\u00a0diversas\u00a0ceremonias\u00a0y\u00a0eventos,\u00a0destacando\u00a0su\u00a0importancia\u00a0en\u00a0la\u00a0vida\u00a0c\u00edvica\u00a0de\u00a0la\u00a0ciudad.\u00a0Se\u00a0ha\u00a0convertido\u00a0en\u00a0un\u00a0s\u00edmbolo\u00a0de\u00a0orgullo\u00a0para\u00a0los\u00a0rosarinos\u00a0y\u00a0se\u00a0utiliza\u00a0para\u00a0promover\u00a0la\u00a0identidad\u00a0cultural\u00a0de\u00a0la\u00a0ciudad.\u00a0<\/p>\n\n\n\n<p><a href=\"https:\/\/www.bing.com\/ck\/a?!&amp;&amp;p=01c4bd7c57c8a8258b072b47a60d8611edb6da34ac936f63e1de8662caa1869dJmltdHM9MTc3NzA3NTIwMA&amp;ptn=3&amp;ver=2&amp;hsh=4&amp;fclid=1460c5d7-ebe8-6b7f-2c7f-d322ea9d6ad9&amp;psq=ROSARIO+BANDERA&amp;u=a1aHR0cHM6Ly9lcy53aWtpcGVkaWEub3JnL3dpa2kvQmFuZGVyYV9kZV9Sb3Nhcmlv&amp;ntb=1\" target=\"_blank\" rel=\"noreferrer noopener\"><\/a><a href=\"https:\/\/www.bing.com\/ck\/a?!&amp;&amp;p=01c4bd7c57c8a8258b072b47a60d8611edb6da34ac936f63e1de8662caa1869dJmltdHM9MTc3NzA3NTIwMA&amp;ptn=3&amp;ver=2&amp;hsh=4&amp;fclid=1460c5d7-ebe8-6b7f-2c7f-d322ea9d6ad9&amp;psq=ROSARIO+BANDERA&amp;u=a1aHR0cHM6Ly9lcy53aWtpcGVkaWEub3JnL3dpa2kvQmFuZGVyYV9kZV9Sb3Nhcmlv&amp;ntb=1\" target=\"_blank\" rel=\"noreferrer noopener\"><\/a>En\u00a0resumen,\u00a0la\u00a0bandera\u00a0de\u00a0Rosario\u00a0es\u00a0un\u00a0emblema\u00a0que\u00a0representa\u00a0la\u00a0historia,\u00a0la\u00a0diversidad\u00a0y\u00a0la\u00a0identidad\u00a0de\u00a0la\u00a0ciudad,\u00a0y\u00a0su\u00a0adopci\u00f3n\u00a0oficial\u00a0marca\u00a0un\u00a0hito\u00a0en\u00a0el\u00a0reconocimiento\u00a0de\u00a0su\u00a0autonom\u00eda\u00a0y\u00a0cultura.<\/p>\n","protected":false},"excerpt":{"rendered":"<p>La&nbsp;bandera&nbsp;de&nbsp;Rosario,&nbsp;adoptada&nbsp;oficialmente&nbsp;en&nbsp;2010,&nbsp;simboliza&nbsp;la&nbsp;diversidad&nbsp;cultural&nbsp;y&nbsp;la&nbsp;inclusi\u00f3n&nbsp;de&nbsp;la&nbsp;ciudad,&nbsp;con&nbsp;un&nbsp;dise\u00f1o&nbsp;que&nbsp;incluye&nbsp;el&nbsp;escudo&nbsp;de&nbsp;Rosario&nbsp;en&nbsp;el&nbsp;centro&nbsp;de&nbsp;un&nbsp;pa\u00f1o&nbsp;blanco. Historia&nbsp;y&nbsp;Adopci\u00f3n La\u00a0bandera\u00a0de\u00a0la\u00a0ciudad\u00a0de\u00a0Rosario\u00a0fue\u00a0establecida\u00a0durante\u00a0la\u00a0intendencia\u00a0de\u00a0Miguel\u00a0Lifschitz\u00a0y\u00a0fue\u00a0promovida\u00a0por\u00a0miembros\u00a0de\u00a0la\u00a0Junta\u00a0de\u00a0Historia\u00a0de\u00a0Rosario.\u00a0Fue\u00a0aprobada\u00a0por\u00a0unanimidad\u00a0por\u00a0el\u00a0Concejo\u00a0Deliberante\u00a0mediante\u00a0la\u00a0Ordenanza\u00a0N.\u00ba\u00a08523\u00a0el\u00a020\u00a0de\u00a0junio\u00a0de\u00a02010.\u00a0Esta\u00a0bandera\u00a0representa\u00a0el\u00a0crisol\u00a0de\u00a0razas\u00a0que\u00a0caracteriza\u00a0a\u00a0la\u00a0ciudad,\u00a0reflejando\u00a0su\u00a0diversidad\u00a0cultural\u00a0y\u00a0su\u00a0compromiso\u00a0con\u00a0la\u00a0inclusi\u00f3n.\u00a0 Dise\u00f1o El\u00a0dise\u00f1o\u00a0de\u00a0la\u00a0bandera\u00a0consiste\u00a0en\u00a0un\u00a0pa\u00f1o\u00a0blanco\u00a0que\u00a0simboliza\u00a0la\u00a0uni\u00f3n\u00a0de\u00a0todas\u00a0las\u00a0razas\u00a0y\u00a0culturas\u00a0que\u00a0han\u00a0contribuido\u00a0a\u00a0la\u00a0identidad\u00a0de\u00a0Rosario.\u00a0En\u00a0el\u00a0centro\u00a0se\u00a0encuentra\u00a0el\u00a0escudo\u00a0de\u00a0la\u00a0ciudad,\u00a0que\u00a0fue\u00a0aprobado\u00a0en\u00a01862.\u00a0Este\u00a0escudo\u00a0incluye\u00a0elementos\u00a0que\u00a0representan\u00a0la\u00a0historia\u00a0de\u00a0Rosario,\u00a0como\u00a0el\u00a0brazo\u00a0de\u00a0Manuel\u00a0Belgrano\u00a0sosteniendo\u00a0la\u00a0bandera\u00a0nacional,\u00a0y\u00a0hace\u00a0alusi\u00f3n\u00a0a\u00a0su\u00a0condici\u00f3n\u00a0de\u00a0puerto\u00a0fluvial.\u00a0 Significado La\u00a0bandera\u00a0no\u00a0solo\u00a0es\u00a0un\u00a0s\u00edmbolo\u00a0de\u00a0identidad\u00a0local,\u00a0sino\u00a0que\u00a0tambi\u00e9n\u00a0es\u00a0una\u00a0proclamaci\u00f3n\u00a0de\u00a0los\u00a0derechos\u00a0de\u00a0Rosario\u00a0a\u00a0alcanzar\u00a0una\u00a0plena\u00a0autonom\u00eda\u00a0institucional,\u00a0tal\u00a0como\u00a0lo\u00a0reconoce\u00a0la\u00a0Constituci\u00f3n\u00a0Nacional\u00a0de\u00a0Argentina.\u00a0La\u00a0bandera\u00a0se\u00a0utiliza\u00a0en\u00a0eventos\u00a0oficiales\u00a0y\u00a0ceremoniales,\u00a0y\u00a0su\u00a0uso\u00a0est\u00e1\u00a0regulado\u00a0por\u00a0un\u00a0protocolo\u00a0que\u00a0establece\u00a0su\u00a0precedencia\u00a0y\u00a0exhibici\u00f3n\u00a0en\u00a0espacios\u00a0p\u00fablicos.\u00a0 Uso&nbsp;y&nbsp;Celebraciones La\u00a0bandera\u00a0de\u00a0Rosario\u00a0se\u00a0presenta\u00a0en\u00a0diversas\u00a0ceremonias\u00a0y\u00a0eventos,\u00a0destacando\u00a0su\u00a0importancia\u00a0en\u00a0la\u00a0vida\u00a0c\u00edvica\u00a0de\u00a0la\u00a0ciudad.\u00a0Se\u00a0ha\u00a0convertido\u00a0en\u00a0un\u00a0s\u00edmbolo\u00a0de\u00a0orgullo\u00a0para\u00a0los\u00a0rosarinos\u00a0y\u00a0se\u00a0utiliza\u00a0para\u00a0promover\u00a0la\u00a0identidad\u00a0cultural\u00a0de\u00a0la\u00a0ciudad.\u00a0 En\u00a0resumen,\u00a0la\u00a0bandera\u00a0de\u00a0Rosario\u00a0es\u00a0un\u00a0emblema\u00a0que\u00a0representa\u00a0la\u00a0historia,\u00a0la\u00a0diversidad\u00a0y\u00a0la\u00a0identidad\u00a0de\u00a0la\u00a0ciudad,\u00a0y\u00a0su\u00a0adopci\u00f3n\u00a0oficial\u00a0marca\u00a0un\u00a0hito\u00a0en\u00a0el\u00a0reconocimiento\u00a0de\u00a0su\u00a0autonom\u00eda\u00a0y\u00a0cultura.<\/p>\n","protected":false},"author":1,"featured_media":214,"comment_status":"open","ping_status":"open","sticky":false,"template":"","format":"standard","meta":{"footnotes":""},"categories":[1],"tags":[],"class_list":["post-213","post","type-post","status-publish","format-standard","has-post-thumbnail","hentry","category-bandera"],"_links":{"self":[{"href":"https:\/\/entecultura.com.ar\/abanderados\/wp-json\/wp\/v2\/posts\/213","targetHints":{"allow":["GET"]}}],"collection":[{"href":"https:\/\/entecultura.com.ar\/abanderados\/wp-json\/wp\/v2\/posts"}],"about":[{"href":"https:\/\/entecultura.com.ar\/abanderados\/wp-json\/wp\/v2\/types\/post"}],"author":[{"embeddable":true,"href":"https:\/\/entecultura.com.ar\/abanderados\/wp-json\/wp\/v2\/users\/1"}],"replies":[{"embeddable":true,"href":"https:\/\/entecultura.com.ar\/abanderados\/wp-json\/wp\/v2\/comments?post=213"}],"version-history":[{"count":1,"href":"https:\/\/entecultura.com.ar\/abanderados\/wp-json\/wp\/v2\/posts\/213\/revisions"}],"predecessor-version":[{"id":215,"href":"https:\/\/entecultura.com.ar\/abanderados\/wp-json\/wp\/v2\/posts\/213\/revisions\/215"}],"wp:featuredmedia":[{"embeddable":true,"href":"https:\/\/entecultura.com.ar\/abanderados\/wp-json\/wp\/v2\/media\/214"}],"wp:attachment":[{"href":"https:\/\/entecultura.com.ar\/abanderados\/wp-json\/wp\/v2\/media?parent=213"}],"wp:term":[{"taxonomy":"category","embeddable":true,"href":"https:\/\/entecultura.com.ar\/abanderados\/wp-json\/wp\/v2\/categories?post=213"},{"taxonomy":"post_tag","embeddable":true,"href":"https:\/\/entecultura.com.ar\/abanderados\/wp-json\/wp\/v2\/tags?post=213"}],"curies":[{"name":"wp","href":"https:\/\/api.w.org\/{rel}","templated":true}]}}