{"id":216,"date":"2026-04-25T06:02:39","date_gmt":"2026-04-25T09:02:39","guid":{"rendered":"https:\/\/entecultura.com.ar\/abanderados\/?p=216"},"modified":"2026-04-25T06:02:39","modified_gmt":"2026-04-25T09:02:39","slug":"humberto-1","status":"publish","type":"post","link":"https:\/\/entecultura.com.ar\/abanderados\/2026\/04\/25\/humberto-1\/","title":{"rendered":"HUMBERTO 1\u00b0"},"content":{"rendered":"\n<p>El dise\u00f1o elegido fue creado por Mar\u00eda Noel Giorgis, hija de esta localidad, quien result\u00f3 ganadora del concurso \u201cUna Bandera para mi Pueblo\u201d.<\/p>\n\n\n\n<p>El jurado estuvo integrado por referentes de la cultura y la historia local: Alba Monutti de Polo, Marta Crovella, Clemar Tosetto, la Lic. Olga Cagliero y el presidente comunal Mauro Gilabert, quienes tuvieron la valiosa tarea de evaluar las propuestas presentadas.<\/p>\n\n\n\n<p>Durante el acto, las instituciones educativas recibieron una bandera de flameo para que pueda lucir en cada una de ellas, llevando con orgullo el emblema que nos representa.<\/p>\n\n\n\n<p>Cabe se\u00f1alar que con gran orgullo y emoci\u00f3n el H\u00e9roe de Malvinas y sobreviviente del ARA Gral Belgrano, el humbertino Evaristo Ismael Sequeira fue el abanderado y encargado de llevarla por primera vez.<\/p>\n\n\n\n<p><strong>Significado de la Bandera<\/strong><\/p>\n\n\n\n<p>El dise\u00f1o simboliza la historia, la cultura y la producci\u00f3n del pueblo.<\/p>\n\n\n\n<p>Sus tres franjas verticales \u2014azul oscuro, celeste y marr\u00f3n\u2014 representan el cielo, el agua y la tierra que nos sostiene.<\/p>\n\n\n\n<p>En su centro, el c\u00edrculo dorado y verde alude a la riqueza del trabajo agropecuario y la esperanza en el futuro.<\/p>\n\n\n\n<p>El Monumento al Centenario une pasado, presente y futuro, mientras que 16 estrellas blancas reflejan los valores que nos definen: trabajo, memoria, educaci\u00f3n, solidaridad, respeto, justicia, familia, progreso y compromiso, entre otros.<\/p>\n\n\n\n<p>Una bandera que resume qui\u00e9nes somos y hacia d\u00f3nde vamos: un pueblo que valora su tierra, su gente y sus ra\u00edces.<\/p>\n","protected":false},"excerpt":{"rendered":"<p>El dise\u00f1o elegido fue creado por Mar\u00eda Noel Giorgis, hija de esta localidad, quien result\u00f3 ganadora del concurso \u201cUna Bandera para mi Pueblo\u201d. El jurado estuvo integrado por referentes de la cultura y la historia local: Alba Monutti de Polo,&#8230;<\/p>\n","protected":false},"author":1,"featured_media":217,"comment_status":"open","ping_status":"open","sticky":false,"template":"","format":"standard","meta":{"footnotes":""},"categories":[1],"tags":[],"class_list":["post-216","post","type-post","status-publish","format-standard","has-post-thumbnail","hentry","category-bandera"],"_links":{"self":[{"href":"https:\/\/entecultura.com.ar\/abanderados\/wp-json\/wp\/v2\/posts\/216","targetHints":{"allow":["GET"]}}],"collection":[{"href":"https:\/\/entecultura.com.ar\/abanderados\/wp-json\/wp\/v2\/posts"}],"about":[{"href":"https:\/\/entecultura.com.ar\/abanderados\/wp-json\/wp\/v2\/types\/post"}],"author":[{"embeddable":true,"href":"https:\/\/entecultura.com.ar\/abanderados\/wp-json\/wp\/v2\/users\/1"}],"replies":[{"embeddable":true,"href":"https:\/\/entecultura.com.ar\/abanderados\/wp-json\/wp\/v2\/comments?post=216"}],"version-history":[{"count":1,"href":"https:\/\/entecultura.com.ar\/abanderados\/wp-json\/wp\/v2\/posts\/216\/revisions"}],"predecessor-version":[{"id":218,"href":"https:\/\/entecultura.com.ar\/abanderados\/wp-json\/wp\/v2\/posts\/216\/revisions\/218"}],"wp:featuredmedia":[{"embeddable":true,"href":"https:\/\/entecultura.com.ar\/abanderados\/wp-json\/wp\/v2\/media\/217"}],"wp:attachment":[{"href":"https:\/\/entecultura.com.ar\/abanderados\/wp-json\/wp\/v2\/media?parent=216"}],"wp:term":[{"taxonomy":"category","embeddable":true,"href":"https:\/\/entecultura.com.ar\/abanderados\/wp-json\/wp\/v2\/categories?post=216"},{"taxonomy":"post_tag","embeddable":true,"href":"https:\/\/entecultura.com.ar\/abanderados\/wp-json\/wp\/v2\/tags?post=216"}],"curies":[{"name":"wp","href":"https:\/\/api.w.org\/{rel}","templated":true}]}}