{"id":222,"date":"2026-04-25T06:09:02","date_gmt":"2026-04-25T09:09:02","guid":{"rendered":"https:\/\/entecultura.com.ar\/abanderados\/?p=222"},"modified":"2026-04-25T06:09:02","modified_gmt":"2026-04-25T09:09:02","slug":"villa-eloisa","status":"publish","type":"post","link":"https:\/\/entecultura.com.ar\/abanderados\/2026\/04\/25\/villa-eloisa\/","title":{"rendered":"VILLA ELOISA"},"content":{"rendered":"\n<p>A trav\u00e9s de la Secretar\u00eda Comunal de Cultura, durante la gesti\u00f3n del Se\u00f1or Romelio Petetta (1991\/1993), con sanci\u00f3n de la Ordenanza N 14\/93, con fecha 27 de diciembre de 1993 y con aprobaci\u00f3n de la Subsecretar\u00eda de Comunas, seg\u00fan expediente N 0010300078083, fechado el 16 de marzo de 1994, se adopta el escudo de la localidad, cuya descripci\u00f3n es la siguiente:<\/p>\n\n\n\n<p>El campo superior: presenta de derecha a izquierda, una m\u00e1quina cosechadora, representando la principal fuente de trabajo, hacia el centro trigo, ma\u00edz y soja simbolizando la agricultura, pilar de nuestra econom\u00eda, a la izquierda una pared en construcci\u00f3n reflejando el progreso y crecimiento de nuestro pueblo.<br>Coronado ese campo aparece el timbre &#8220;Villa Elo\u00edsa&#8221; sobre los colores de la Bandera Argentina.<\/p>\n\n\n\n<p><strong>El campo inferior: est\u00e1 dividido en dos partes iguales:<\/strong><br>El cant\u00f3n diestro, presenta la tierra arada, abierta en surcos, mostrando la riqueza y fertilidad de nuestro suelo, el cant\u00f3n siniestro, las v\u00edas que dieron origen al asentamiento poblacional, la gorra vasca y el pa\u00f1uelo galleta de los primeros inmigrantes, junto al arado mancera representativo del trabajo y esfuerzo de nuestros ancestros.<\/p>\n\n\n\n<p><strong>Significado de los colores utilizados<\/strong><\/p>\n\n\n\n<p>Rojo: simboliza fortaleza, osad\u00eda y victoria.<br>Verde: simboliza esperanza, fe, amistad, servicio y respeto.<br>Azul: simboliza justicia, verdad, lealtad y caridad.<br>Oro: simboliza nobleza, riqueza, poder y constancia.<br>Negro: simboliza prudencia y honestidad.<br>Plata: es insignia de pureza, integridad, firmeza y vigilancia.<\/p>\n","protected":false},"excerpt":{"rendered":"<p>A trav\u00e9s de la Secretar\u00eda Comunal de Cultura, durante la gesti\u00f3n del Se\u00f1or Romelio Petetta (1991\/1993), con sanci\u00f3n de la Ordenanza N 14\/93, con fecha 27 de diciembre de 1993 y con aprobaci\u00f3n de la Subsecretar\u00eda de Comunas, seg\u00fan expediente&#8230;<\/p>\n","protected":false},"author":1,"featured_media":223,"comment_status":"open","ping_status":"open","sticky":false,"template":"","format":"standard","meta":{"footnotes":""},"categories":[1],"tags":[],"class_list":["post-222","post","type-post","status-publish","format-standard","has-post-thumbnail","hentry","category-bandera"],"_links":{"self":[{"href":"https:\/\/entecultura.com.ar\/abanderados\/wp-json\/wp\/v2\/posts\/222","targetHints":{"allow":["GET"]}}],"collection":[{"href":"https:\/\/entecultura.com.ar\/abanderados\/wp-json\/wp\/v2\/posts"}],"about":[{"href":"https:\/\/entecultura.com.ar\/abanderados\/wp-json\/wp\/v2\/types\/post"}],"author":[{"embeddable":true,"href":"https:\/\/entecultura.com.ar\/abanderados\/wp-json\/wp\/v2\/users\/1"}],"replies":[{"embeddable":true,"href":"https:\/\/entecultura.com.ar\/abanderados\/wp-json\/wp\/v2\/comments?post=222"}],"version-history":[{"count":1,"href":"https:\/\/entecultura.com.ar\/abanderados\/wp-json\/wp\/v2\/posts\/222\/revisions"}],"predecessor-version":[{"id":224,"href":"https:\/\/entecultura.com.ar\/abanderados\/wp-json\/wp\/v2\/posts\/222\/revisions\/224"}],"wp:featuredmedia":[{"embeddable":true,"href":"https:\/\/entecultura.com.ar\/abanderados\/wp-json\/wp\/v2\/media\/223"}],"wp:attachment":[{"href":"https:\/\/entecultura.com.ar\/abanderados\/wp-json\/wp\/v2\/media?parent=222"}],"wp:term":[{"taxonomy":"category","embeddable":true,"href":"https:\/\/entecultura.com.ar\/abanderados\/wp-json\/wp\/v2\/categories?post=222"},{"taxonomy":"post_tag","embeddable":true,"href":"https:\/\/entecultura.com.ar\/abanderados\/wp-json\/wp\/v2\/tags?post=222"}],"curies":[{"name":"wp","href":"https:\/\/api.w.org\/{rel}","templated":true}]}}