{"id":226,"date":"2026-04-25T06:12:51","date_gmt":"2026-04-25T09:12:51","guid":{"rendered":"https:\/\/entecultura.com.ar\/abanderados\/?p=226"},"modified":"2026-04-25T06:12:51","modified_gmt":"2026-04-25T09:12:51","slug":"villada","status":"publish","type":"post","link":"https:\/\/entecultura.com.ar\/abanderados\/2026\/04\/25\/villada\/","title":{"rendered":"VILLADA"},"content":{"rendered":"\n<p>A\u00f1o 1973<br>Gobierno del Dr Silvestre Begnis..Gobernador de Santa Fe.<br>Por una ley Nacional promulgaci\u00f3n de ese a\u00f1o todas las l9calidades deben poseer su standarte representativo.<br>Se elaboran en todas las escuelas primarias y secundarias un concurso para presentar proyectos y elegir uno q represente a cada localidad.<\/p>\n\n\n\n<p>En nuestro caso Villada fue seleccionado mi proyecto, el escudo tal como lo conoces.<br>Se presenta con Febo naciente la esperanza de cada nuevo d\u00eda.<br>El entorno nuestra insignia Patria, con todo lo q representa, su Constituci\u00f3n Nacional, su Territorio, sus tres poderes y su pueblo todo.<\/p>\n\n\n\n<p>La cabeza de vaca en el centro representando la Ganader\u00eda y la explotaci\u00f3n lechera de ese momento que era muy importante, la V de Villada dibujada por la conjunci\u00f3n de una espiga de trigo y ma\u00edz, representando a la agricultura y cerrando unidos el Engranaje s\u00edmbolo de la Industria.<br>En resumen esa es la conjunci\u00f3n de ese proyecto q result\u00f3 ser el elegido.<\/p>\n","protected":false},"excerpt":{"rendered":"<p>A\u00f1o 1973Gobierno del Dr Silvestre Begnis..Gobernador de Santa Fe.Por una ley Nacional promulgaci\u00f3n de ese a\u00f1o todas las l9calidades deben poseer su standarte representativo.Se elaboran en todas las escuelas primarias y secundarias un concurso para presentar proyectos y elegir uno&#8230;<\/p>\n","protected":false},"author":1,"featured_media":227,"comment_status":"open","ping_status":"open","sticky":false,"template":"","format":"standard","meta":{"footnotes":""},"categories":[1],"tags":[],"class_list":["post-226","post","type-post","status-publish","format-standard","has-post-thumbnail","hentry","category-bandera"],"_links":{"self":[{"href":"https:\/\/entecultura.com.ar\/abanderados\/wp-json\/wp\/v2\/posts\/226","targetHints":{"allow":["GET"]}}],"collection":[{"href":"https:\/\/entecultura.com.ar\/abanderados\/wp-json\/wp\/v2\/posts"}],"about":[{"href":"https:\/\/entecultura.com.ar\/abanderados\/wp-json\/wp\/v2\/types\/post"}],"author":[{"embeddable":true,"href":"https:\/\/entecultura.com.ar\/abanderados\/wp-json\/wp\/v2\/users\/1"}],"replies":[{"embeddable":true,"href":"https:\/\/entecultura.com.ar\/abanderados\/wp-json\/wp\/v2\/comments?post=226"}],"version-history":[{"count":1,"href":"https:\/\/entecultura.com.ar\/abanderados\/wp-json\/wp\/v2\/posts\/226\/revisions"}],"predecessor-version":[{"id":228,"href":"https:\/\/entecultura.com.ar\/abanderados\/wp-json\/wp\/v2\/posts\/226\/revisions\/228"}],"wp:featuredmedia":[{"embeddable":true,"href":"https:\/\/entecultura.com.ar\/abanderados\/wp-json\/wp\/v2\/media\/227"}],"wp:attachment":[{"href":"https:\/\/entecultura.com.ar\/abanderados\/wp-json\/wp\/v2\/media?parent=226"}],"wp:term":[{"taxonomy":"category","embeddable":true,"href":"https:\/\/entecultura.com.ar\/abanderados\/wp-json\/wp\/v2\/categories?post=226"},{"taxonomy":"post_tag","embeddable":true,"href":"https:\/\/entecultura.com.ar\/abanderados\/wp-json\/wp\/v2\/tags?post=226"}],"curies":[{"name":"wp","href":"https:\/\/api.w.org\/{rel}","templated":true}]}}