{"id":230,"date":"2026-04-25T06:32:23","date_gmt":"2026-04-25T09:32:23","guid":{"rendered":"https:\/\/entecultura.com.ar\/abanderados\/?p=230"},"modified":"2026-04-25T06:32:23","modified_gmt":"2026-04-25T09:32:23","slug":"isla-verde","status":"publish","type":"post","link":"https:\/\/entecultura.com.ar\/abanderados\/2026\/04\/25\/isla-verde\/","title":{"rendered":"ISLA VERDE"},"content":{"rendered":"\n<p>La bandera de Isla Verde fue creada el 19 de Agosto del a\u00f1o 2001, coincidiendo con el Centenario de la localidad y se concret\u00f3 a trav\u00e9s de un concurso intercolegial, del que participaron alumnos de las escuelas tanto urbanas, como rurales de la jurisdicci\u00f3n territorial de la localidad, resultando ganadora LUCIANA ROCIO LUNA, alumna de 6to. Grado Divisi\u00f3n \u201cB\u201d de la Escuela Provincia Santiago del Estero.<\/p>\n\n\n\n<p>Para la elecci\u00f3n del dise\u00f1o ganador, se conform\u00f3 un jurado de personas vinculadas, en su mayor\u00eda, a la educaci\u00f3n o la cultura de la localidad.<\/p>\n\n\n\n<p>La bandera fue bendecida el 28 de Noviembre del a\u00f1o 2001, precisamente el d\u00eda en que se cumpl\u00edan los 100 a\u00f1os de vida de Isla Verde.<\/p>\n\n\n\n<p>La ganadora explic\u00f3 que al momento de elaborar el dise\u00f1o, considero algunos detalles que fueron determinantes para ser elegida por el Jurado:<\/p>\n\n\n\n<p>&nbsp;&nbsp;&nbsp;&nbsp;&nbsp;&nbsp;&nbsp;&nbsp;&nbsp; <strong>Los cuatros brazos <\/strong>representan a la uni\u00f3n de cada uno de los barrios que componen a la localidad.<\/p>\n\n\n\n<p><strong>&nbsp;&nbsp;&nbsp;&nbsp;&nbsp;&nbsp;&nbsp;&nbsp;&nbsp; El color verde <\/strong>hace referencia a la representaci\u00f3n del nombre que recibe la localidad.<\/p>\n\n\n\n<p><strong>&nbsp;&nbsp;&nbsp;&nbsp;&nbsp;&nbsp;&nbsp;&nbsp;&nbsp; El color amarillo, &nbsp;<\/strong>refiere al campo y sus trigales fuente de producci\u00f3n sobre el cual se basa la econom\u00eda de esta localidad<strong>.<\/strong><\/p>\n","protected":false},"excerpt":{"rendered":"<p>La bandera de Isla Verde fue creada el 19 de Agosto del a\u00f1o 2001, coincidiendo con el Centenario de la localidad y se concret\u00f3 a trav\u00e9s de un concurso intercolegial, del que participaron alumnos de las escuelas tanto urbanas, como&#8230;<\/p>\n","protected":false},"author":1,"featured_media":231,"comment_status":"open","ping_status":"open","sticky":false,"template":"","format":"standard","meta":{"footnotes":""},"categories":[1],"tags":[],"class_list":["post-230","post","type-post","status-publish","format-standard","has-post-thumbnail","hentry","category-bandera"],"_links":{"self":[{"href":"https:\/\/entecultura.com.ar\/abanderados\/wp-json\/wp\/v2\/posts\/230","targetHints":{"allow":["GET"]}}],"collection":[{"href":"https:\/\/entecultura.com.ar\/abanderados\/wp-json\/wp\/v2\/posts"}],"about":[{"href":"https:\/\/entecultura.com.ar\/abanderados\/wp-json\/wp\/v2\/types\/post"}],"author":[{"embeddable":true,"href":"https:\/\/entecultura.com.ar\/abanderados\/wp-json\/wp\/v2\/users\/1"}],"replies":[{"embeddable":true,"href":"https:\/\/entecultura.com.ar\/abanderados\/wp-json\/wp\/v2\/comments?post=230"}],"version-history":[{"count":1,"href":"https:\/\/entecultura.com.ar\/abanderados\/wp-json\/wp\/v2\/posts\/230\/revisions"}],"predecessor-version":[{"id":232,"href":"https:\/\/entecultura.com.ar\/abanderados\/wp-json\/wp\/v2\/posts\/230\/revisions\/232"}],"wp:featuredmedia":[{"embeddable":true,"href":"https:\/\/entecultura.com.ar\/abanderados\/wp-json\/wp\/v2\/media\/231"}],"wp:attachment":[{"href":"https:\/\/entecultura.com.ar\/abanderados\/wp-json\/wp\/v2\/media?parent=230"}],"wp:term":[{"taxonomy":"category","embeddable":true,"href":"https:\/\/entecultura.com.ar\/abanderados\/wp-json\/wp\/v2\/categories?post=230"},{"taxonomy":"post_tag","embeddable":true,"href":"https:\/\/entecultura.com.ar\/abanderados\/wp-json\/wp\/v2\/tags?post=230"}],"curies":[{"name":"wp","href":"https:\/\/api.w.org\/{rel}","templated":true}]}}