{"id":6,"date":"2026-02-12T20:20:07","date_gmt":"2026-02-12T23:20:07","guid":{"rendered":"https:\/\/entecultura.com.ar\/abanderados\/?p=6"},"modified":"2026-02-28T14:14:29","modified_gmt":"2026-02-28T17:14:29","slug":"maria-susana","status":"publish","type":"post","link":"https:\/\/entecultura.com.ar\/abanderados\/2026\/02\/12\/maria-susana\/","title":{"rendered":"MAR\u00cdA SUSANA"},"content":{"rendered":"\n<p>El color rojo de la franja central es el representativo de actividad deportiva. La franja inferior lleva los colores de la bandera Argentina. La franja superior los colores de Santa Fe. En el centro arco de ingreso, uno de los monumentos m\u00e1s representativos, acompa\u00f1ado de la fecha de fundaci\u00f3n y dentro del n\u00famero 9 de dicha fecha las v\u00edas del tren y las principales calles de la localidad que forman el caracter\u00edstico trazado del pueblo.<\/p>\n\n\n\n<figure class=\"wp-block-image size-large\"><img loading=\"lazy\" decoding=\"async\" width=\"1024\" height=\"649\" src=\"https:\/\/entecultura.com.ar\/abanderados\/wp-content\/uploads\/2025\/02\/19b1a069-6dda-4f51-942e-d68895069067-1024x649.jpg\" alt=\"\" class=\"wp-image-50\" srcset=\"https:\/\/entecultura.com.ar\/abanderados\/wp-content\/uploads\/2025\/02\/19b1a069-6dda-4f51-942e-d68895069067-1024x649.jpg 1024w, https:\/\/entecultura.com.ar\/abanderados\/wp-content\/uploads\/2025\/02\/19b1a069-6dda-4f51-942e-d68895069067-300x190.jpg 300w, https:\/\/entecultura.com.ar\/abanderados\/wp-content\/uploads\/2025\/02\/19b1a069-6dda-4f51-942e-d68895069067-768x487.jpg 768w, https:\/\/entecultura.com.ar\/abanderados\/wp-content\/uploads\/2025\/02\/19b1a069-6dda-4f51-942e-d68895069067-1536x974.jpg 1536w, https:\/\/entecultura.com.ar\/abanderados\/wp-content\/uploads\/2025\/02\/19b1a069-6dda-4f51-942e-d68895069067.jpg 1599w\" sizes=\"auto, (max-width: 1024px) 100vw, 1024px\" \/><\/figure>\n","protected":false},"excerpt":{"rendered":"<p>El color rojo de la franja central es el representativo de actividad deportiva. La franja inferior lleva los colores de la bandera Argentina. La franja superior los colores de Santa Fe. En el centro arco de ingreso, uno de los&#8230;<\/p>\n","protected":false},"author":1,"featured_media":50,"comment_status":"closed","ping_status":"open","sticky":false,"template":"","format":"standard","meta":{"footnotes":""},"categories":[1],"tags":[],"class_list":["post-6","post","type-post","status-publish","format-standard","has-post-thumbnail","hentry","category-bandera"],"_links":{"self":[{"href":"https:\/\/entecultura.com.ar\/abanderados\/wp-json\/wp\/v2\/posts\/6","targetHints":{"allow":["GET"]}}],"collection":[{"href":"https:\/\/entecultura.com.ar\/abanderados\/wp-json\/wp\/v2\/posts"}],"about":[{"href":"https:\/\/entecultura.com.ar\/abanderados\/wp-json\/wp\/v2\/types\/post"}],"author":[{"embeddable":true,"href":"https:\/\/entecultura.com.ar\/abanderados\/wp-json\/wp\/v2\/users\/1"}],"replies":[{"embeddable":true,"href":"https:\/\/entecultura.com.ar\/abanderados\/wp-json\/wp\/v2\/comments?post=6"}],"version-history":[{"count":2,"href":"https:\/\/entecultura.com.ar\/abanderados\/wp-json\/wp\/v2\/posts\/6\/revisions"}],"predecessor-version":[{"id":80,"href":"https:\/\/entecultura.com.ar\/abanderados\/wp-json\/wp\/v2\/posts\/6\/revisions\/80"}],"wp:featuredmedia":[{"embeddable":true,"href":"https:\/\/entecultura.com.ar\/abanderados\/wp-json\/wp\/v2\/media\/50"}],"wp:attachment":[{"href":"https:\/\/entecultura.com.ar\/abanderados\/wp-json\/wp\/v2\/media?parent=6"}],"wp:term":[{"taxonomy":"category","embeddable":true,"href":"https:\/\/entecultura.com.ar\/abanderados\/wp-json\/wp\/v2\/categories?post=6"},{"taxonomy":"post_tag","embeddable":true,"href":"https:\/\/entecultura.com.ar\/abanderados\/wp-json\/wp\/v2\/tags?post=6"}],"curies":[{"name":"wp","href":"https:\/\/api.w.org\/{rel}","templated":true}]}}