{"id":85,"date":"2026-02-28T14:29:44","date_gmt":"2026-02-28T17:29:44","guid":{"rendered":"https:\/\/entecultura.com.ar\/abanderados\/?p=85"},"modified":"2026-02-28T14:29:44","modified_gmt":"2026-02-28T17:29:44","slug":"departamento-iriondo","status":"publish","type":"post","link":"https:\/\/entecultura.com.ar\/abanderados\/2026\/02\/28\/departamento-iriondo\/","title":{"rendered":"DEPARTAMENTO IRIONDO"},"content":{"rendered":"\n<p>Sentido \u00fanico de pertenencia porque se basa en los s\u00edmbolos del departamento. Manos, s\u00edmbolo de uni\u00f3n y trabajo. Sol naciente, esperanza, con 12 rayos, que son las 12 localidades. Agua, R\u00edo Carcara\u00f1\u00e1. Espiga, s\u00edmbolo del campo, paisaje caracter\u00edstico.<\/p>\n\n\n\n<figure class=\"wp-block-image size-large\"><img loading=\"lazy\" decoding=\"async\" width=\"1024\" height=\"620\" src=\"https:\/\/entecultura.com.ar\/abanderados\/wp-content\/uploads\/2026\/02\/c7e209e8-82bd-44d4-979a-0f3d0127f36b-1024x620.jpg\" alt=\"\" class=\"wp-image-86\" srcset=\"https:\/\/entecultura.com.ar\/abanderados\/wp-content\/uploads\/2026\/02\/c7e209e8-82bd-44d4-979a-0f3d0127f36b-1024x620.jpg 1024w, https:\/\/entecultura.com.ar\/abanderados\/wp-content\/uploads\/2026\/02\/c7e209e8-82bd-44d4-979a-0f3d0127f36b-300x182.jpg 300w, https:\/\/entecultura.com.ar\/abanderados\/wp-content\/uploads\/2026\/02\/c7e209e8-82bd-44d4-979a-0f3d0127f36b-768x465.jpg 768w, https:\/\/entecultura.com.ar\/abanderados\/wp-content\/uploads\/2026\/02\/c7e209e8-82bd-44d4-979a-0f3d0127f36b-1536x929.jpg 1536w, https:\/\/entecultura.com.ar\/abanderados\/wp-content\/uploads\/2026\/02\/c7e209e8-82bd-44d4-979a-0f3d0127f36b.jpg 1600w\" sizes=\"auto, (max-width: 1024px) 100vw, 1024px\" \/><\/figure>\n","protected":false},"excerpt":{"rendered":"<p>Sentido \u00fanico de pertenencia porque se basa en los s\u00edmbolos del departamento. Manos, s\u00edmbolo de uni\u00f3n y trabajo. Sol naciente, esperanza, con 12 rayos, que son las 12 localidades. Agua, R\u00edo Carcara\u00f1\u00e1. Espiga, s\u00edmbolo del campo, paisaje caracter\u00edstico.<\/p>\n","protected":false},"author":1,"featured_media":86,"comment_status":"open","ping_status":"open","sticky":false,"template":"","format":"standard","meta":{"footnotes":""},"categories":[1],"tags":[],"class_list":["post-85","post","type-post","status-publish","format-standard","has-post-thumbnail","hentry","category-bandera"],"_links":{"self":[{"href":"https:\/\/entecultura.com.ar\/abanderados\/wp-json\/wp\/v2\/posts\/85","targetHints":{"allow":["GET"]}}],"collection":[{"href":"https:\/\/entecultura.com.ar\/abanderados\/wp-json\/wp\/v2\/posts"}],"about":[{"href":"https:\/\/entecultura.com.ar\/abanderados\/wp-json\/wp\/v2\/types\/post"}],"author":[{"embeddable":true,"href":"https:\/\/entecultura.com.ar\/abanderados\/wp-json\/wp\/v2\/users\/1"}],"replies":[{"embeddable":true,"href":"https:\/\/entecultura.com.ar\/abanderados\/wp-json\/wp\/v2\/comments?post=85"}],"version-history":[{"count":1,"href":"https:\/\/entecultura.com.ar\/abanderados\/wp-json\/wp\/v2\/posts\/85\/revisions"}],"predecessor-version":[{"id":87,"href":"https:\/\/entecultura.com.ar\/abanderados\/wp-json\/wp\/v2\/posts\/85\/revisions\/87"}],"wp:featuredmedia":[{"embeddable":true,"href":"https:\/\/entecultura.com.ar\/abanderados\/wp-json\/wp\/v2\/media\/86"}],"wp:attachment":[{"href":"https:\/\/entecultura.com.ar\/abanderados\/wp-json\/wp\/v2\/media?parent=85"}],"wp:term":[{"taxonomy":"category","embeddable":true,"href":"https:\/\/entecultura.com.ar\/abanderados\/wp-json\/wp\/v2\/categories?post=85"},{"taxonomy":"post_tag","embeddable":true,"href":"https:\/\/entecultura.com.ar\/abanderados\/wp-json\/wp\/v2\/tags?post=85"}],"curies":[{"name":"wp","href":"https:\/\/api.w.org\/{rel}","templated":true}]}}