{"id":94,"date":"2026-02-28T14:36:08","date_gmt":"2026-02-28T17:36:08","guid":{"rendered":"https:\/\/entecultura.com.ar\/abanderados\/?p=94"},"modified":"2026-02-28T14:36:57","modified_gmt":"2026-02-28T17:36:57","slug":"esperanza","status":"publish","type":"post","link":"https:\/\/entecultura.com.ar\/abanderados\/2026\/02\/28\/esperanza\/","title":{"rendered":"ESPERANZA"},"content":{"rendered":"\n<p>Entre julio y agosto de 2020 hubo un concurso en esta ciudad. Luego de un extenso debate, el Jurado determin\u00f3 como ganador del Concurso Abierto de una Bandera para la ciudad: el trabajo N\u00ba 5. El autor del mismo es Hern\u00e1n Colombo, quien particip\u00f3 en representaci\u00f3n de la instituci\u00f3n Asociaci\u00f3n Vecinal Oeste. El rect\u00e1ngulo de color celeste representa el cielo, el verde es la tierra y la pampa. En el centro un c\u00edrculo amarillo, que es el sol, una espiga de trigo que va por el concepto de trabajo y productos de la tierra. El suelo verde, el arco de la colonizaci\u00f3n argentina, y el Rio Salado.<\/p>\n\n\n\n<figure class=\"wp-block-image size-large\"><img loading=\"lazy\" decoding=\"async\" width=\"1024\" height=\"623\" src=\"https:\/\/entecultura.com.ar\/abanderados\/wp-content\/uploads\/2026\/02\/45bbc03f-c9b7-46c7-8299-2a73f582d4d7-1024x623.jpg\" alt=\"\" class=\"wp-image-95\" srcset=\"https:\/\/entecultura.com.ar\/abanderados\/wp-content\/uploads\/2026\/02\/45bbc03f-c9b7-46c7-8299-2a73f582d4d7-1024x623.jpg 1024w, https:\/\/entecultura.com.ar\/abanderados\/wp-content\/uploads\/2026\/02\/45bbc03f-c9b7-46c7-8299-2a73f582d4d7-300x183.jpg 300w, https:\/\/entecultura.com.ar\/abanderados\/wp-content\/uploads\/2026\/02\/45bbc03f-c9b7-46c7-8299-2a73f582d4d7-768x468.jpg 768w, https:\/\/entecultura.com.ar\/abanderados\/wp-content\/uploads\/2026\/02\/45bbc03f-c9b7-46c7-8299-2a73f582d4d7-1536x935.jpg 1536w, https:\/\/entecultura.com.ar\/abanderados\/wp-content\/uploads\/2026\/02\/45bbc03f-c9b7-46c7-8299-2a73f582d4d7.jpg 1600w\" sizes=\"auto, (max-width: 1024px) 100vw, 1024px\" \/><\/figure>\n","protected":false},"excerpt":{"rendered":"<p>Entre julio y agosto de 2020 hubo un concurso en esta ciudad. Luego de un extenso debate, el Jurado determin\u00f3 como ganador del Concurso Abierto de una Bandera para la ciudad: el trabajo N\u00ba 5. El autor del mismo es&#8230;<\/p>\n","protected":false},"author":1,"featured_media":95,"comment_status":"open","ping_status":"open","sticky":false,"template":"","format":"standard","meta":{"footnotes":""},"categories":[1],"tags":[],"class_list":["post-94","post","type-post","status-publish","format-standard","has-post-thumbnail","hentry","category-bandera"],"_links":{"self":[{"href":"https:\/\/entecultura.com.ar\/abanderados\/wp-json\/wp\/v2\/posts\/94","targetHints":{"allow":["GET"]}}],"collection":[{"href":"https:\/\/entecultura.com.ar\/abanderados\/wp-json\/wp\/v2\/posts"}],"about":[{"href":"https:\/\/entecultura.com.ar\/abanderados\/wp-json\/wp\/v2\/types\/post"}],"author":[{"embeddable":true,"href":"https:\/\/entecultura.com.ar\/abanderados\/wp-json\/wp\/v2\/users\/1"}],"replies":[{"embeddable":true,"href":"https:\/\/entecultura.com.ar\/abanderados\/wp-json\/wp\/v2\/comments?post=94"}],"version-history":[{"count":2,"href":"https:\/\/entecultura.com.ar\/abanderados\/wp-json\/wp\/v2\/posts\/94\/revisions"}],"predecessor-version":[{"id":98,"href":"https:\/\/entecultura.com.ar\/abanderados\/wp-json\/wp\/v2\/posts\/94\/revisions\/98"}],"wp:featuredmedia":[{"embeddable":true,"href":"https:\/\/entecultura.com.ar\/abanderados\/wp-json\/wp\/v2\/media\/95"}],"wp:attachment":[{"href":"https:\/\/entecultura.com.ar\/abanderados\/wp-json\/wp\/v2\/media?parent=94"}],"wp:term":[{"taxonomy":"category","embeddable":true,"href":"https:\/\/entecultura.com.ar\/abanderados\/wp-json\/wp\/v2\/categories?post=94"},{"taxonomy":"post_tag","embeddable":true,"href":"https:\/\/entecultura.com.ar\/abanderados\/wp-json\/wp\/v2\/tags?post=94"}],"curies":[{"name":"wp","href":"https:\/\/api.w.org\/{rel}","templated":true}]}}